{"id":209074,"date":"2022-04-22T09:49:19","date_gmt":"2022-04-22T13:49:19","guid":{"rendered":"https:\/\/elluchador.info\/web\/?p=209074"},"modified":"2022-04-22T09:49:19","modified_gmt":"2022-04-22T13:49:19","slug":"dia-de-la-tierra-2022-por-que-se-celebra-el-22-de-abril","status":"publish","type":"post","link":"https:\/\/elluchador.info\/?p=209074","title":{"rendered":"D\u00eda de la Tierra 2022: \u00bfPor qu\u00e9 se celebra el 22 de abril?"},"content":{"rendered":"<p class=\"paragraph  \">La historia comienza d\u00e9cadas previas al primer\u00a0<b>D\u00eda de la Tierra, hace ya 52 a\u00f1os<\/b>, que seg\u00fan relata el sitio oficial de este d\u00eda internacional\u00a0<a href=\"https:\/\/www.earthday.org\/\" target=\"_blank\" rel=\"noopener\"><i>Earthday.org<\/i><\/a><i>,<\/i>\u00a0los estadounidenses consum\u00edan grandes cantidades de gasolina con plomo a trav\u00e9s de autos masivos e ineficientes, y debido a esto la industria esparci\u00f3 humo y barro con poco temor a las consecuencias de la ley o la mala prensa, sumado a que la corriente principal de Estados Unidos se mantuvo en gran medida ajena a las preocupaciones ambientales y al c<a href=\"https:\/\/www.latercera.com\/que-pasa\/noticia\/la-urgencia-en-apurar-el-tranco-en-la-accion-climatica-y-las-zancadillas-y-oportunidades-del-covid-19\/76TMN6QMONDS7OIRE4XT4LYQOU\/\" target=\"_blank\" rel=\"noopener\">\u00f3mo un medio ambiente contaminado amenaza la salud humana.<\/a><\/p>\n<p class=\"paragraph  \">Sin embargo, el escenario estaba preparado para el cambio con la publicaci\u00f3n del \u00e9xito de ventas\u00a0<i>Silent Spring<\/i>\u00a0(Primavera Silenciosa) de Rachel Carson en el New York Times en 1962. Libro que represent\u00f3 un momento decisivo, vendiendo m\u00e1s de 500.000 copias en 24 pa\u00edses,\u00a0<b>y que aument\u00f3 la conciencia p\u00fablica y la preocupaci\u00f3n por los organismos vivos, el medio ambiente y los v\u00ednculos inextricables entre la contaminaci\u00f3n y la salud p\u00fablica.<\/b><\/p>\n<p class=\"paragraph  \">Asimismo en la d\u00e9cada de los 60s, a\u00f1os de una \u201cactivismo combativo\u201d en varios pa\u00edses, se sum\u00f3 el activismo del senador de Wisconsin,\u00a0<b>Gaylord Nelson<\/b>, quien comenz\u00f3 a organizar campa\u00f1as para la protecci\u00f3n del planeta, que reclamaban principalmente por la poca acci\u00f3n de las autoridades\u00a0<a href=\"https:\/\/www.latercera.com\/que-pasa\/noticia\/greta-thunberg-acusa-a-lideres-mundiales-de-ignorar-crisis-climatica-y-darse-por-vencidos-antes-de-tiempo\/V2V635YMJFFQLOQ43PTNBIPOHY\/\" target=\"_blank\" rel=\"noopener\">para cuidar el medio ambiente que ya comenzaba a molestar a la ciudadan\u00eda.<\/a><\/p>\n<p class=\"paragraph  \">As\u00ed fue que gracias\u00a0<b>a la gran manifestaci\u00f3n que organiz\u00f3 Nelson en 1969, a la que llegaron 20 millones de personas\u00a0<\/b>y que sigui\u00f3 el modelo de las protestas contra la guerra de Vietnam, y la cual fue relatada por el propio senador como d\u00eda fue \u201cfren\u00e9tico\u201d y que se convirti\u00f3 en la protesta de un solo d\u00eda m\u00e1s grande en la historia humana, es que un a\u00f1o despu\u00e9s,\u00a0<b>se estableci\u00f3 de manera oficial al 22 de abril de 1970 como el origen del D\u00eda de la Tierra.<\/b><\/p>\n<p class=\"paragraph  \">As\u00ed es como el D\u00eda de la Tierra, marca el aniversario del nacimiento del movimiento ambientalista moderno que comenz\u00f3 oficialmente en 1970, y que desde las diferentes organizaciones\u00a0<b>invita cada a\u00f1o a la poblaci\u00f3n\u00a0<\/b><a href=\"https:\/\/www.latercera.com\/que-pasa\/noticia\/este-es-el-camino-para-detener-el-cambio-climatico-segun-la-onu-cuatro-cientificos-explican-como-hacerlo\/H24ON7X4FNG4HDUBTQB7VXLF7M\/\" target=\"_blank\" rel=\"noopener\"><b>a actuar de manera consciente con el medioambiente y el cambio clim\u00e1tico.<\/b><\/a><\/p>\n<p class=\"paragraph  \">Adem\u00e1s de querer recalcar los cambios provocados por el hombre en la naturaleza, as\u00ed como los cr\u00edmenes que perturban la biodiversidad, como la deforestaci\u00f3n, el cambio de uso del suelo, la producci\u00f3n agr\u00edcola y ganadera intensiva o el creciente comercio ilegal de vida silvestre, pueden acelerar el ritmo de destrucci\u00f3n del planeta.<\/p>\n<p class=\"paragraph  \">Un d\u00eda que a trav\u00e9s de los a\u00f1os ha representado<b>\u00a0una fecha para avances en el compromiso con el planeta y acuerdos entre distintas naciones.\u00a0<\/b>Como en 1992, cuando m\u00e1s de 178 pa\u00edses firmaron la Agenda 21, la Declaraci\u00f3n sobre el Medio Ambiente y el Desarrollo y la Declaraci\u00f3n de Principios para la Gesti\u00f3n Sostenible de los Bosques en la\u00a0<a href=\"https:\/\/latercera.com\/que-pasa\/noticia\/la-cop-25-se-discutira\/595197\/\">\u201cCumbre de la Tierra\u201d, celebrada en R\u00edo de Janeiro (Brasil).<\/a><\/p>\n<p class=\"paragraph  \">Asimismo, en el D\u00eda de la Tierra de 2016, con el Acuerdo de Par\u00eds, que se centra en el cambio clim\u00e1tico, el cual fue firmado por m\u00e1s de 120 pa\u00edses, incluidos el Reino Unido, Estados Unidos y China.<\/p>\n<div class=\"header | hl\">\n<div><b>D\u00eda de la Tierra 2022<\/b><\/div>\n<\/div>\n<p class=\"paragraph  \">Como cada a\u00f1o, la organizaci\u00f3n del D\u00eda de la Tierra centra su conmemoraci\u00f3n con una invitaci\u00f3n especial, que este a\u00f1os es<b>\u00a0<\/b><a href=\"https:\/\/www.earthday.org\/earth-day-2022\/\" target=\"_blank\" rel=\"noopener\"><b>\u201cInvertir en nuestro planeta\u201d<\/b><\/a><b>.<\/b><\/p>\n<p class=\"paragraph  \">\u201c<b>Este es el momento de cambiarlo todo:<\/b>\u00a0el clima empresarial, el clima pol\u00edtico y c\u00f3mo tomamos medidas sobre el clima\u201d, se\u00f1ala el sitio web del D\u00eda de la Tierra.<\/p>\n<div class=\"offer-content\" data-gtm-vis-recent-on-screen-13478966_250=\"37743\" data-gtm-vis-first-on-screen-13478966_250=\"37743\" data-gtm-vis-total-visible-time-13478966_250=\"100\" data-gtm-vis-has-fired-13478966_250=\"1\">\n<h5 class=\"text-center m-bot-10\">\n<img decoding=\"async\" src=\"https:\/\/www.latercera.com\/resizer\/OOxx2k2zApAzgHj2exSDRnRxVfg=\/375x250\/smart\/cloudfront-us-east-1.images.arcpublishing.com\/copesa\/BZOIDBPKLRBRVFGFMKKQWBVY5E.jpg\" alt=\"Es tiempo de redefinir la geopol\u00edtica energ\u00e9tica\" \/><\/h5>\n<section class=\"titles p-all-10\">\n<h6 class=\"title m-bot-5\">Es tiempo de redefinir la geopol\u00edtica energ\u00e9tica<\/h6>\n<\/section>\n<section class=\"titles p-all-10\"><img decoding=\"async\" src=\"https:\/\/www.latercera.com\/resizer\/Q5CGVpECLsNdC-vOuvO01fiB-90=\/375x250\/smart\/cloudfront-us-east-1.images.arcpublishing.com\/copesa\/JD46V5FYNFBDJLJ73U7GPRNPLE.jpg\" alt=\"De megasequ\u00eda a hipersequ\u00eda: zona central continuar\u00e1 perdiendo precipitaciones al menos durante las pr\u00f3ximas tres d\u00e9cadas\" \/><\/section>\n<section class=\"titles p-all-10\">\n<h6 class=\"title m-bot-5\">De megasequ\u00eda a hipersequ\u00eda: zona central continuar\u00e1 perdiendo precipitaciones al menos durante las pr\u00f3ximas tres d\u00e9cadas<\/h6>\n<p><img decoding=\"async\" src=\"https:\/\/www.latercera.com\/resizer\/B93vWE7DTeNjuyJCcjhtaS6hnXU=\/375x250\/smart\/cloudfront-us-east-1.images.arcpublishing.com\/copesa\/T4KVBJH3MVDYTLVDTGUOKX2KOM.jpg\" alt=\"Seguridad e independencia energ\u00e9tica: Una cuesti\u00f3n de Estado\" \/><\/section>\n<section class=\"titles p-all-10\">\n<h6 class=\"title m-bot-5\">Seguridad e independencia energ\u00e9tica: Una cuesti\u00f3n de Estado<\/h6>\n<p>\u201cAhora es el momento del coraje imparable para preservar y proteger nuestra salud, nuestras familias, nuestros medios de subsistencia\u201d a\u00f1ade.<\/section>\n<\/div>\n<p class=\"paragraph  \">Por eso tanto la organizaci\u00f3n como las Naciones Unidas transmitir\u00e1n diferentes conferencias durante todo el d\u00eda y que puedes seguir a trav\u00e9s de sus canales oficial. Adem\u00e1s, earthday.org te invita a conocer las\u00a0<a href=\"https:\/\/www.earthday.org\/earth-day-tips\/\" target=\"_blank\" rel=\"noopener\">52 acciones y consejos\u00a0<\/a>para marcar la diferencia todos los d\u00edas del a\u00f1o e invertir en nuestro planeta, como aprender a calcular el consumo personal de pl\u00e1stico, saber c\u00f3mo combatir la contaminaci\u00f3n por pl\u00e1stico, y\/o utilizar m\u00e1s el papel digital.<\/p>\n<figure class=\"artimg\"><picture><source srcset=\"https:\/\/www.latercera.com\/resizer\/y7K47KPSi1vdTbn13IGUP7DKGL4=\/320x0\/smart\/filters:quality(70):format(webp):no_upscale()\/cloudfront-us-east-1.images.arcpublishing.com\/copesa\/3Y44WY3GVBDZNUI5FDQB4Y2ZSA.jpg\" type=\"image\/webp\" media=\"(min-width: 0px) and (max-width: 399px)\" \/><source srcset=\"https:\/\/www.latercera.com\/resizer\/8vGPAMK8_wc1hp49hKPmlZlfpFw=\/400x0\/smart\/filters:quality(70):format(webp):no_upscale()\/cloudfront-us-east-1.images.arcpublishing.com\/copesa\/3Y44WY3GVBDZNUI5FDQB4Y2ZSA.jpg\" type=\"image\/webp\" media=\"(min-width: 400px) and (max-width: 767px)\" \/><source srcset=\"https:\/\/www.latercera.com\/resizer\/lUq8_Fhg-0DnARQpOKPFO2FYDq4=\/768x0\/smart\/filters:quality(70):format(webp):no_upscale()\/cloudfront-us-east-1.images.arcpublishing.com\/copesa\/3Y44WY3GVBDZNUI5FDQB4Y2ZSA.jpg\" type=\"image\/webp\" media=\"(min-width: 768px) and (max-width: 999px)\" \/><source srcset=\"https:\/\/www.latercera.com\/resizer\/lUq8_Fhg-0DnARQpOKPFO2FYDq4=\/768x0\/smart\/filters:quality(70):format(webp):no_upscale()\/cloudfront-us-east-1.images.arcpublishing.com\/copesa\/3Y44WY3GVBDZNUI5FDQB4Y2ZSA.jpg\" type=\"image\/webp\" media=\"(min-width: 1000px) and (max-width: 1299px)\" \/><source srcset=\"https:\/\/www.latercera.com\/resizer\/lUq8_Fhg-0DnARQpOKPFO2FYDq4=\/768x0\/smart\/filters:quality(70):format(webp):no_upscale()\/cloudfront-us-east-1.images.arcpublishing.com\/copesa\/3Y44WY3GVBDZNUI5FDQB4Y2ZSA.jpg\" type=\"image\/webp\" media=\"(min-width: 1300px)\" \/><source srcset=\"https:\/\/www.latercera.com\/resizer\/eDp4zwiRraESvW4zmti0oP1FspE=\/800x0\/smart\/cloudfront-us-east-1.images.arcpublishing.com\/copesa\/3Y44WY3GVBDZNUI5FDQB4Y2ZSA.jpg\" type=\"image\/jpg\" \/><img decoding=\"async\" src=\"https:\/\/www.latercera.com\/resizer\/eDp4zwiRraESvW4zmti0oP1FspE=\/800x0\/smart\/cloudfront-us-east-1.images.arcpublishing.com\/copesa\/3Y44WY3GVBDZNUI5FDQB4Y2ZSA.jpg\" \/><\/picture><figcaption>Foto: JUNI KRISWANTO \/ AFP<\/figcaption><\/figure>\n<div class=\"header | hl\">\n<div><b>\u00bfQu\u00e9 hace falta en Chile?<\/b><\/div>\n<\/div>\n<p class=\"paragraph  \"><a href=\"https:\/\/www.latercera.com\/que-pasa\/noticia\/chile-es-el-pais-donde-mas-se-le-exige-al-gobierno-y-las-empresas-que-tomen-medidas-concretas-contra-el-cambio-climatico\/4CCZWMJSPZGLXCCZYU35YUGLBI\/\" target=\"_blank\" rel=\"noopener\">Durante el \u00faltimo tiempo en Chile,\u00a0<\/a>uno de los temas m\u00e1s relevantes en materia de cambio clim\u00e1tico ha sido el desarrollo sostenible, pero que a pesar de la teor\u00eda no se ha visto reflejado en la pr\u00e1ctica en la poblaci\u00f3n chilena y se ha planteado que quiz\u00e1s la cultura sobre la biodiversidad y su cuidado debiese implementarse desde los primeros a\u00f1os de colegio.<\/p>\n<p class=\"paragraph  \"><b>Adolfo Berr\u00edos,\u00a0<\/b>investigador de la Facultad de Educaci\u00f3n de la\u00a0<a href=\"https:\/\/www.uautonoma.cl\/\" target=\"_blank\" rel=\"noopener\">Universidad Aut\u00f3noma de Chile<\/a>, quien estudia la influencia del contexto econ\u00f3mico, pol\u00edtico, cultural y social de cada pa\u00eds de cada asignatura escolar en la aplicaci\u00f3n de los programas de sustentabilidad dise\u00f1ados por la UNESCO, comenta que, n<b>o est\u00e1 tan seguro que si esto se trabaja m\u00e1s se pueda generar una cultura de preservaci\u00f3n hacia la biodiversidad en las pr\u00f3ximas generaciones.<\/b><\/p>\n<p class=\"paragraph  \">Ya que, plantea que en primer lugar \u201cel t\u00e9rmino de desarrollo sustentable circula en el \u00e1mbito educativo desde hace aproximadamente 30 a\u00f1os, particularmente con la conferencia de R\u00edo de Janeiro celebrada en 1992, que por primera vez invita a los sistemas educacionales a incorporar los objetivos de desarrollo sustentable a nivel educativo\u201d.<\/p>\n<p class=\"paragraph  \">No obstante, se\u00f1ala que se ha visto e<b>n estos \u00faltimos 30 a\u00f1os que los problemas medioambientales se han acentuado en vez de disminuir<\/b>, adem\u00e1s el desarrollo sustentable o sostenible contin\u00faa con la l\u00f3gica del crecimiento econ\u00f3mico, \u201cvale decir es un proyecto pol\u00edtico econ\u00f3mico que nace ante la necesidad de optimizar el uso de los recursos naturales que son necesarios para abastecer el sistema de producci\u00f3n industrial\u201d<\/p>\n<p class=\"paragraph  \">En resumidas cuentas, el desarrollo sustentable m\u00e1s bien contribuye a forjar una idea antropoc\u00e9ntrica de la naturaleza, o sea que la naturaleza es un reservorio de recursos naturales, por lo tanto no es una real alternativa \u201cy desde ese punto de vista\u00a0<b>no ser\u00eda un cambio dr\u00e1stico en cuanto a los comportamientos de las futuras generaciones\u201d plantea.<\/b><\/p>\n<p class=\"paragraph  \">Por lo que reitera que en Chile \u201chace falta un mayor compromiso del Ministerio de Educaci\u00f3n a trav\u00e9s de un curriculum que incorpore la educaci\u00f3n ambiental como uno de los pilares y ejes fundamentales en la formaci\u00f3n del futuro ciudadano ciudadana del pa\u00eds\u201d.<\/p>\n<figure class=\"artimg\"><picture><source srcset=\"https:\/\/www.latercera.com\/resizer\/cCbKcBQMyyE9UyVyRStuu8P5rik=\/320x0\/smart\/filters:quality(70):format(webp):no_upscale()\/cloudfront-us-east-1.images.arcpublishing.com\/copesa\/UI6QAADUNFBNHDFAKYMSZHA5LQ.jpg\" type=\"image\/webp\" media=\"(min-width: 0px) and (max-width: 399px)\" \/><source srcset=\"https:\/\/www.latercera.com\/resizer\/PO9a2GPvywn3DpvDitbZ1bmM8rM=\/400x0\/smart\/filters:quality(70):format(webp):no_upscale()\/cloudfront-us-east-1.images.arcpublishing.com\/copesa\/UI6QAADUNFBNHDFAKYMSZHA5LQ.jpg\" type=\"image\/webp\" media=\"(min-width: 400px) and (max-width: 767px)\" \/><source srcset=\"https:\/\/www.latercera.com\/resizer\/Ug-AFgEDyE47a-d3-i0q-6oqWgE=\/768x0\/smart\/filters:quality(70):format(webp):no_upscale()\/cloudfront-us-east-1.images.arcpublishing.com\/copesa\/UI6QAADUNFBNHDFAKYMSZHA5LQ.jpg\" type=\"image\/webp\" media=\"(min-width: 768px) and (max-width: 999px)\" \/><source srcset=\"https:\/\/www.latercera.com\/resizer\/Ug-AFgEDyE47a-d3-i0q-6oqWgE=\/768x0\/smart\/filters:quality(70):format(webp):no_upscale()\/cloudfront-us-east-1.images.arcpublishing.com\/copesa\/UI6QAADUNFBNHDFAKYMSZHA5LQ.jpg\" type=\"image\/webp\" media=\"(min-width: 1000px) and (max-width: 1299px)\" \/><source srcset=\"https:\/\/www.latercera.com\/resizer\/Ug-AFgEDyE47a-d3-i0q-6oqWgE=\/768x0\/smart\/filters:quality(70):format(webp):no_upscale()\/cloudfront-us-east-1.images.arcpublishing.com\/copesa\/UI6QAADUNFBNHDFAKYMSZHA5LQ.jpg\" type=\"image\/webp\" media=\"(min-width: 1300px)\" \/><source srcset=\"https:\/\/www.latercera.com\/resizer\/u0PAZxHipwvkYum1Hbc9x245FQQ=\/800x0\/smart\/cloudfront-us-east-1.images.arcpublishing.com\/copesa\/UI6QAADUNFBNHDFAKYMSZHA5LQ.jpg\" type=\"image\/jpg\" \/><img decoding=\"async\" src=\"https:\/\/www.latercera.com\/resizer\/u0PAZxHipwvkYum1Hbc9x245FQQ=\/800x0\/smart\/cloudfront-us-east-1.images.arcpublishing.com\/copesa\/UI6QAADUNFBNHDFAKYMSZHA5LQ.jpg\" alt=\"Vuelta a clases\" \/><\/picture><figcaption>Foto: La Tercera<\/figcaption><\/figure>\n<p class=\"paragraph  \">Pero\u00a0<b>\u00bfEs posible alcanzar en un futuro cercano una consciencia sobre desarrollo sostenible?<\/b>\u00a0\u201cYo creo que s\u00ed\u201d dice el investigador, porque la nueva Ley de Cambio Clim\u00e1tico -que a\u00fan est\u00e1 en discusi\u00f3n- \u201cpropone como una medida a largo plazo la educaci\u00f3n, y precisamente insta a trabajar las problem\u00e1ticas relacionadas con el cambio clim\u00e1tico desde una \u00f3ptica de formaci\u00f3n ciudadana y a la vez compromete al Ministerio de Educaci\u00f3n a\u00a0<b>generar programas de formaci\u00f3n ciudadana que incluyen estas tem\u00e1ticas que est\u00e1n generando y seguramente va a seguir generando en el futuro el cambio clim\u00e1tico desde esta \u00f3ptica de la ciudadan\u00eda\u201d.<\/b><\/p>\n<p><strong>La Tercera<\/strong><\/p>\n","protected":false},"excerpt":{"rendered":"<p>La historia comienza d\u00e9cadas previas al primer\u00a0D\u00eda de la Tierra, hace ya 52 a\u00f1os, que seg\u00fan relata el sitio oficial de este d\u00eda internacional\u00a0Earthday.org,\u00a0los estadounidenses consum\u00edan grandes cantidades de gasolina con plomo a trav\u00e9s de autos masivos e ineficientes, y debido a esto la industria esparci\u00f3 humo y barro con poco temor a las consecuencias [&hellip;]<\/p>\n","protected":false},"author":2,"featured_media":209076,"comment_status":"closed","ping_status":"closed","sticky":false,"template":"","format":"standard","meta":{"footnotes":""},"categories":[5,24],"tags":[],"class_list":{"0":"post-209074","1":"post","2":"type-post","3":"status-publish","4":"format-standard","5":"has-post-thumbnail","7":"category-destacado","8":"category-efemerides"},"_links":{"self":[{"href":"https:\/\/elluchador.info\/index.php?rest_route=\/wp\/v2\/posts\/209074","targetHints":{"allow":["GET"]}}],"collection":[{"href":"https:\/\/elluchador.info\/index.php?rest_route=\/wp\/v2\/posts"}],"about":[{"href":"https:\/\/elluchador.info\/index.php?rest_route=\/wp\/v2\/types\/post"}],"author":[{"embeddable":true,"href":"https:\/\/elluchador.info\/index.php?rest_route=\/wp\/v2\/users\/2"}],"replies":[{"embeddable":true,"href":"https:\/\/elluchador.info\/index.php?rest_route=%2Fwp%2Fv2%2Fcomments&post=209074"}],"version-history":[{"count":2,"href":"https:\/\/elluchador.info\/index.php?rest_route=\/wp\/v2\/posts\/209074\/revisions"}],"predecessor-version":[{"id":209078,"href":"https:\/\/elluchador.info\/index.php?rest_route=\/wp\/v2\/posts\/209074\/revisions\/209078"}],"wp:featuredmedia":[{"embeddable":true,"href":"https:\/\/elluchador.info\/index.php?rest_route=\/wp\/v2\/media\/209076"}],"wp:attachment":[{"href":"https:\/\/elluchador.info\/index.php?rest_route=%2Fwp%2Fv2%2Fmedia&parent=209074"}],"wp:term":[{"taxonomy":"category","embeddable":true,"href":"https:\/\/elluchador.info\/index.php?rest_route=%2Fwp%2Fv2%2Fcategories&post=209074"},{"taxonomy":"post_tag","embeddable":true,"href":"https:\/\/elluchador.info\/index.php?rest_route=%2Fwp%2Fv2%2Ftags&post=209074"}],"curies":[{"name":"wp","href":"https:\/\/api.w.org\/{rel}","templated":true}]}}