{"id":209148,"date":"2022-04-24T21:14:42","date_gmt":"2022-04-25T01:14:42","guid":{"rendered":"https:\/\/elluchador.info\/web\/?p=209148"},"modified":"2022-04-24T21:14:42","modified_gmt":"2022-04-25T01:14:42","slug":"un-indigena-resulto-herido-de-bala-en-la-via-hacia-las-minas-de-yapacana","status":"publish","type":"post","link":"https:\/\/elluchador.info\/?p=209148","title":{"rendered":"Un ind\u00edgena result\u00f3 herido de bala en la v\u00eda hacia las minas de Yapacana"},"content":{"rendered":"<p>Embarcaciones que se presume provienen de Colombia, iban navegando hacia las minas del Parque Nacional Yapacana, cuando evadieron el punto de control ind\u00edgena conocido como S\u00fapiro, lo que gener\u00f3 que los ind\u00edgenas apostados en dicho punto de control fueran a interceptarlos.<\/p>\n<p>El incidente dej\u00f3 como saldo un ind\u00edgena herido identificado como Edison Cabana Rodr\u00edguez, del pueblo Piapoco, de 22 a\u00f1os de edad, habitante de la comunidad Cupaven, quien recibi\u00f3 una herida por arma de fuego con orificio de entrada y salida que le afect\u00f3 el hipocondrio derecho, seg\u00fan el informe m\u00e9dico que le levantaron en el ambulatorio Mar\u00eda Garrido de San Fernando de Atabapo, al cual tuvo acceso Kap\u00e9 Kap\u00e9.<\/p>\n<p>Cabana Rodr\u00edguez fue trasladado v\u00eda a\u00e9rea el s\u00e1bado en la tarde por efectivos militares, desde la capital del municipio Atabapo hasta Puerto Ayacucho, para recibir atenci\u00f3n m\u00e9dica en el hospital Jos\u00e9 Gregorio Hern\u00e1ndez. Aunque se encuentra en la unidad de cuidados intensivos de este centro de salud su condici\u00f3n es estable.<\/p>\n<p>Deysi Cabana, hermana del ind\u00edgena herido y quien lo acompa\u00f1a en el hospital de Puerto Ayacucho, cont\u00f3 a Kap\u00e9 Kap\u00e9 que su hermano recibi\u00f3 el disparo cuando \u00e9l y otros ind\u00edgenas se acercaron en una embarcaci\u00f3n a verificar por qu\u00e9 las embarcaciones colombianas no hab\u00edan pasado por el punto de control que tienen instalado en S\u00fapiro. Se\u00f1al\u00f3 como responsables del hecho a supuestos miembros de grupos armados irregulares que navegan por la zona y se instalan en el Yapacana.<\/p>\n<p>Esta versi\u00f3n es similar a la escuchada en un video al que tuvo acceso Kap\u00e9 Kap\u00e9, donde minutos despu\u00e9s de lo ocurrido con las embarcaciones evadidas en S\u00fapiro, se oye a una persona acusar como responsables a supuestos miembros de las FARC.<\/p>\n<p>Aunque en este caso inicialmente se ha hablado de 3 heridos, al ambulatorio de San Fernando de Atabapo y al hospital de Puerto Ayacucho solamente ha sido trasladado uno.<\/p>\n<p>Por lo pronto la situaci\u00f3n ha generado tensi\u00f3n en la zona, se conoci\u00f3 que ayer los ind\u00edgenas impidieron el paso de embarcaciones en el sector conocido como C\u00e1scara Dura y los habitantes de Atabapo est\u00e1n exigiendo la presencia de autoridades civiles y militares en San Fernando, la capital municipal para hacer una asamblea, discutir la situaci\u00f3n ocurrida y ver qu\u00e9 soluci\u00f3n se puede aplicar.<\/p>\n<p>Este domingo 24 de abril se lleva a cabo en la plaza Bol\u00edvar de San Fernando de Atabapo una asamblea de la poblaci\u00f3n con autoridades militares donde se trata como punto la investigaci\u00f3n de los hechos ocurridos en S\u00fapiro el s\u00e1bado 23 de abril, la creaci\u00f3n de una comisi\u00f3n mixta para la seguridad ciudadana y la legalizaci\u00f3n de los puntos de control ind\u00edgenas.<\/p>\n<p>Los puntos de control ind\u00edgenas no son bien vistos entre los venezolanos y colombianos que navegan hasta las minas del Parque Nacional Yapacana por representar un obst\u00e1culo para esta pr\u00e1ctica ilegal que sigue creciendo en la zona.<\/p>\n<p>Se hace cada vez m\u00e1s urgente la implementaci\u00f3n de pol\u00edticas de atenci\u00f3n a las poblaciones ind\u00edgenas que les permitan tener acceso a un nivel de vida \u00f3ptimo, sin tener que abandonar sus pr\u00e1cticas tradicionales.<\/p>\n<p>Es tambi\u00e9n imperiosa la necesidad de controlar la depredaci\u00f3n ambiental que viene ocurriendo en el\u00a0Yapacana, y que cada vez tiene consecuencias m\u00e1s irreversibles.<\/p>\n<p><strong>Prensa Kap\u00e9 Kap\u00e9<\/strong><\/p>\n","protected":false},"excerpt":{"rendered":"<p>Embarcaciones que se presume provienen de Colombia, iban navegando hacia las minas del Parque Nacional Yapacana, cuando evadieron el punto de control ind\u00edgena conocido como S\u00fapiro, lo que gener\u00f3 que los ind\u00edgenas apostados en dicho punto de control fueran a interceptarlos. El incidente dej\u00f3 como saldo un ind\u00edgena herido identificado como Edison Cabana Rodr\u00edguez, del [&hellip;]<\/p>\n","protected":false},"author":2,"featured_media":209149,"comment_status":"closed","ping_status":"closed","sticky":false,"template":"","format":"standard","meta":{"footnotes":""},"categories":[5,13],"tags":[],"class_list":{"0":"post-209148","1":"post","2":"type-post","3":"status-publish","4":"format-standard","5":"has-post-thumbnail","7":"category-destacado","8":"category-sucesos"},"_links":{"self":[{"href":"https:\/\/elluchador.info\/index.php?rest_route=\/wp\/v2\/posts\/209148","targetHints":{"allow":["GET"]}}],"collection":[{"href":"https:\/\/elluchador.info\/index.php?rest_route=\/wp\/v2\/posts"}],"about":[{"href":"https:\/\/elluchador.info\/index.php?rest_route=\/wp\/v2\/types\/post"}],"author":[{"embeddable":true,"href":"https:\/\/elluchador.info\/index.php?rest_route=\/wp\/v2\/users\/2"}],"replies":[{"embeddable":true,"href":"https:\/\/elluchador.info\/index.php?rest_route=%2Fwp%2Fv2%2Fcomments&post=209148"}],"version-history":[{"count":1,"href":"https:\/\/elluchador.info\/index.php?rest_route=\/wp\/v2\/posts\/209148\/revisions"}],"predecessor-version":[{"id":209150,"href":"https:\/\/elluchador.info\/index.php?rest_route=\/wp\/v2\/posts\/209148\/revisions\/209150"}],"wp:featuredmedia":[{"embeddable":true,"href":"https:\/\/elluchador.info\/index.php?rest_route=\/wp\/v2\/media\/209149"}],"wp:attachment":[{"href":"https:\/\/elluchador.info\/index.php?rest_route=%2Fwp%2Fv2%2Fmedia&parent=209148"}],"wp:term":[{"taxonomy":"category","embeddable":true,"href":"https:\/\/elluchador.info\/index.php?rest_route=%2Fwp%2Fv2%2Fcategories&post=209148"},{"taxonomy":"post_tag","embeddable":true,"href":"https:\/\/elluchador.info\/index.php?rest_route=%2Fwp%2Fv2%2Ftags&post=209148"}],"curies":[{"name":"wp","href":"https:\/\/api.w.org\/{rel}","templated":true}]}}