{"id":209158,"date":"2022-04-24T21:53:35","date_gmt":"2022-04-25T01:53:35","guid":{"rendered":"https:\/\/elluchador.info\/web\/?p=209158"},"modified":"2022-04-24T21:53:35","modified_gmt":"2022-04-25T01:53:35","slug":"emmanuel-macron-es-reelegido-como-presidente-en-francia","status":"publish","type":"post","link":"https:\/\/elluchador.info\/?p=209158","title":{"rendered":"Emmanuel Macron es reelegido como presidente en Francia"},"content":{"rendered":"<p>Seg\u00fan proyecciones de voto, el<strong>\u00a0presidente Emmanuel Macron\u00a0<\/strong>fue reelegido este domingo tras realizarse la\u00a0<strong>segunda vuelta electoral de Francia<\/strong>.<\/p>\n<p>En medio de la\u00a0<strong>invasi\u00f3n rusa a Ucrania<\/strong>, el resultado le da a la\u00a0<strong>Uni\u00f3n Europea<\/strong>\u00a0una garant\u00eda de estabilidad en el liderazgo de la \u00fanica\u00a0<strong>potencia nuclear<\/strong>\u00a0del bloque y fue elogiado de inmediato por los aliados de Francia.<\/p>\n<p>Un segundo per\u00edodo de cinco a\u00f1os para el centrista\u00a0<strong>Macron<\/strong>\u00a0le ahorra a\u00a0<strong>Francia<\/strong>\u00a0y a sus aliados la convulsi\u00f3n s\u00edsmica de una transferencia de poder en tiempos de guerra a\u00a0<strong>Marine Le Pen,<\/strong>\u00a0la aspirante de extrema derecha que r\u00e1pidamente reconoci\u00f3 su derrota este domingo por la noche pero que de todas formas parec\u00eda encaminada a obtener su mayor respaldo electoral a sus pol\u00edticas intensamente nacionalistas.<\/p>\n<p>Durante su campa\u00f1a,\u00a0<strong>Le Pen<\/strong>\u00a0se comprometi\u00f3 a diluir los v\u00ednculos de\u00a0<strong>Francia<\/strong>\u00a0con la\u00a0<strong>UE<\/strong>, la\u00a0<strong>OTAN<\/strong>\u00a0y\u00a0<strong>Alemania<\/strong>, medidas que habr\u00edan sacudido la arquitectura de seguridad de Europa en un momento en que el continente hace frente a su peor conflicto desde la\u00a0<strong>Segunda Guerra Mundial.<\/strong>\u00a0<strong>Le Pen\u00a0<\/strong>tambi\u00e9n habl\u00f3 contra las sanciones del bloque a los suministros de energ\u00eda de Rusia y enfrent\u00f3 escrutinio durante la campa\u00f1a por sus v\u00ednculos amistosos previos con el Kremlin.<\/p>\n<p>Un coro de l\u00edderes europeos elogi\u00f3 la victoria de Macron. \u201cGana la democracia. Gana Europa\u201d, tuite\u00f3 el presidente del gobierno espa\u00f1ol Pedro S\u00e1nchez.<\/p>\n<p>\u201cJuntos haremos avanzar a Francia y a Europa\u201d, tuite\u00f3 por su parte la presidenta de la Comisi\u00f3n Europea, Ursula von der Leyen.<\/p>\n<p>El primer ministro italiano Mario Draghi elogi\u00f3 la victoria de Macron, calific\u00e1ndola de \u201cuna noticia espl\u00e9ndida para toda Europa\u201d y un impulso a que la UE \u201csea una protagonista en los mayores desaf\u00edos de nuestros tiempos, empezando por la guerra en Ucrania\u00bb.<\/p>\n<p>El Impulso<\/p>\n","protected":false},"excerpt":{"rendered":"<p>Seg\u00fan proyecciones de voto, el\u00a0presidente Emmanuel Macron\u00a0fue reelegido este domingo tras realizarse la\u00a0segunda vuelta electoral de Francia. En medio de la\u00a0invasi\u00f3n rusa a Ucrania, el resultado le da a la\u00a0Uni\u00f3n Europea\u00a0una garant\u00eda de estabilidad en el liderazgo de la \u00fanica\u00a0potencia nuclear\u00a0del bloque y fue elogiado de inmediato por los aliados de Francia. Un segundo per\u00edodo [&hellip;]<\/p>\n","protected":false},"author":2,"featured_media":209159,"comment_status":"closed","ping_status":"closed","sticky":false,"template":"","format":"standard","meta":{"footnotes":""},"categories":[5,8],"tags":[285,708,1054,1055],"class_list":{"0":"post-209158","1":"post","2":"type-post","3":"status-publish","4":"format-standard","5":"has-post-thumbnail","7":"category-destacado","8":"category-internacionales","9":"tag-elecciones","10":"tag-francia","11":"tag-macron","12":"tag-presidenciales"},"_links":{"self":[{"href":"https:\/\/elluchador.info\/index.php?rest_route=\/wp\/v2\/posts\/209158","targetHints":{"allow":["GET"]}}],"collection":[{"href":"https:\/\/elluchador.info\/index.php?rest_route=\/wp\/v2\/posts"}],"about":[{"href":"https:\/\/elluchador.info\/index.php?rest_route=\/wp\/v2\/types\/post"}],"author":[{"embeddable":true,"href":"https:\/\/elluchador.info\/index.php?rest_route=\/wp\/v2\/users\/2"}],"replies":[{"embeddable":true,"href":"https:\/\/elluchador.info\/index.php?rest_route=%2Fwp%2Fv2%2Fcomments&post=209158"}],"version-history":[{"count":1,"href":"https:\/\/elluchador.info\/index.php?rest_route=\/wp\/v2\/posts\/209158\/revisions"}],"predecessor-version":[{"id":209160,"href":"https:\/\/elluchador.info\/index.php?rest_route=\/wp\/v2\/posts\/209158\/revisions\/209160"}],"wp:featuredmedia":[{"embeddable":true,"href":"https:\/\/elluchador.info\/index.php?rest_route=\/wp\/v2\/media\/209159"}],"wp:attachment":[{"href":"https:\/\/elluchador.info\/index.php?rest_route=%2Fwp%2Fv2%2Fmedia&parent=209158"}],"wp:term":[{"taxonomy":"category","embeddable":true,"href":"https:\/\/elluchador.info\/index.php?rest_route=%2Fwp%2Fv2%2Fcategories&post=209158"},{"taxonomy":"post_tag","embeddable":true,"href":"https:\/\/elluchador.info\/index.php?rest_route=%2Fwp%2Fv2%2Ftags&post=209158"}],"curies":[{"name":"wp","href":"https:\/\/api.w.org\/{rel}","templated":true}]}}