{"id":209163,"date":"2022-04-25T08:42:18","date_gmt":"2022-04-25T12:42:18","guid":{"rendered":"https:\/\/elluchador.info\/web\/?p=209163"},"modified":"2022-04-25T08:42:18","modified_gmt":"2022-04-25T12:42:18","slug":"carnaval-vuelve-a-brillar-en-brasil-tras-dos-anos-de-ausencia-por-covid-19","status":"publish","type":"post","link":"https:\/\/elluchador.info\/?p=209163","title":{"rendered":"Carnaval vuelve a brillar en Brasil tras dos a\u00f1os de ausencia por COVID-19"},"content":{"rendered":"<p>El tradicional Carnaval de Brasil volvi\u00f3 a realizarse tras dos a\u00f1os de suspensi\u00f3n debido a la crisis sanitaria por la enfermedad del nuevo coronavirus (COVID-19).<\/p>\n<p>La fiesta m\u00e1s famosa del pa\u00eds volvi\u00f3 a las calles del pa\u00eds en una \u00e9poca nada habitual, pero que sirvi\u00f3 para que millones de espectadores pudieran disfrutar una vez m\u00e1s de la tradicional celebraci\u00f3n.<\/p>\n<p>Desde muy temprano, en ciudades como R\u00edo de Janeiro y Sao Paulo, en el sureste del pa\u00eds, los samb\u00f3dromos se llenaron de miles de personas, el punto \u00e1lgido del Carnaval.<\/p>\n<p>Previsto para finales de febrero, el Carnaval de 2022 qued\u00f3 nuevamente suspendido ante el aumento de casos de la variante \u00f3micron del virus, sin embargo, las presiones del sector tur\u00edstico, temiendo otro a\u00f1o sin su principal \u00e9poca de ingresos y ocupaci\u00f3n, motiv\u00f3 que se buscara una nueva fecha.<\/p>\n<p>Aprovechando el puente vacacional en Brasil, se program\u00f3 el Carnaval, aunque sin la presencia masiva de miles de turistas extranjeros, por lo que esta vez fue el turismo interno el que impuls\u00f3 la ocupaci\u00f3n hotelera y reanim\u00f3 un sector de servicios que todav\u00eda se recupera de los impactos de la pandemia.<\/p>\n<p>Seg\u00fan la Asociaci\u00f3n Brasile\u00f1a de la Industria Hotelera, en R\u00edo de Janeiro, la ciudad m\u00e1s tur\u00edstica del pa\u00eds, la ocupaci\u00f3n de los hoteles se situ\u00f3 entre el 85 y el 90 por ciento durante este fin de semana, cifras que no se ve\u00edan desde antes de la pandemia. En el litoral del mismo estado, se super\u00f3 el 90 por ciento en varias localidades.<\/p>\n<p>El alto \u00edndice se repite en otras capitales del pa\u00eds, como Recife (70 por ciento), Florian\u00f3polis (65 por ciento) o Natal y Aracaj\u00fa (60 por ciento).<\/p>\n<p>La reducci\u00f3n de las tasas de infecciones y muertes por la COVID-19 en Brasil en los \u00faltimos meses y la alta tasa de vacunaci\u00f3n, con m\u00e1s del 76 por ciento de la poblaci\u00f3n completamente inmunizada contra la COVID-19, permitieron que las autoridades aceptaran celebrar el Carnaval sin temer por las aglomeraciones.<\/p>\n<p>Los famosos \u00abblocos\u00bb (comparsas musicales) volvieron a desfilar en las calles de las principales ciudades, lo mismo que las escuelas de samba, que volvieron a relucir tras dos a\u00f1os sin poder pisar los samb\u00f3dromos.<\/p>\n<p>La noche del s\u00e1bado la &#8216;celebrity&#8217; brasile\u00f1a Sabrina Sato desfil\u00f3 en el Samb\u00f3dromo de Sao Paulo y, en un tiempo r\u00e9cord, viaj\u00f3 en un avi\u00f3n particular a R\u00edo de Janeiro y pudo hacer lo mismo la misma noche.<\/p>\n<p><strong>Xinhua<\/strong><\/p>\n","protected":false},"excerpt":{"rendered":"<p>El tradicional Carnaval de Brasil volvi\u00f3 a realizarse tras dos a\u00f1os de suspensi\u00f3n debido a la crisis sanitaria por la enfermedad del nuevo coronavirus (COVID-19). La fiesta m\u00e1s famosa del pa\u00eds volvi\u00f3 a las calles del pa\u00eds en una \u00e9poca nada habitual, pero que sirvi\u00f3 para que millones de espectadores pudieran disfrutar una vez m\u00e1s [&hellip;]<\/p>\n","protected":false},"author":2,"featured_media":209164,"comment_status":"closed","ping_status":"closed","sticky":false,"template":"","format":"standard","meta":{"footnotes":""},"categories":[5,8],"tags":[],"class_list":{"0":"post-209163","1":"post","2":"type-post","3":"status-publish","4":"format-standard","5":"has-post-thumbnail","7":"category-destacado","8":"category-internacionales"},"_links":{"self":[{"href":"https:\/\/elluchador.info\/index.php?rest_route=\/wp\/v2\/posts\/209163","targetHints":{"allow":["GET"]}}],"collection":[{"href":"https:\/\/elluchador.info\/index.php?rest_route=\/wp\/v2\/posts"}],"about":[{"href":"https:\/\/elluchador.info\/index.php?rest_route=\/wp\/v2\/types\/post"}],"author":[{"embeddable":true,"href":"https:\/\/elluchador.info\/index.php?rest_route=\/wp\/v2\/users\/2"}],"replies":[{"embeddable":true,"href":"https:\/\/elluchador.info\/index.php?rest_route=%2Fwp%2Fv2%2Fcomments&post=209163"}],"version-history":[{"count":1,"href":"https:\/\/elluchador.info\/index.php?rest_route=\/wp\/v2\/posts\/209163\/revisions"}],"predecessor-version":[{"id":209165,"href":"https:\/\/elluchador.info\/index.php?rest_route=\/wp\/v2\/posts\/209163\/revisions\/209165"}],"wp:featuredmedia":[{"embeddable":true,"href":"https:\/\/elluchador.info\/index.php?rest_route=\/wp\/v2\/media\/209164"}],"wp:attachment":[{"href":"https:\/\/elluchador.info\/index.php?rest_route=%2Fwp%2Fv2%2Fmedia&parent=209163"}],"wp:term":[{"taxonomy":"category","embeddable":true,"href":"https:\/\/elluchador.info\/index.php?rest_route=%2Fwp%2Fv2%2Fcategories&post=209163"},{"taxonomy":"post_tag","embeddable":true,"href":"https:\/\/elluchador.info\/index.php?rest_route=%2Fwp%2Fv2%2Ftags&post=209163"}],"curies":[{"name":"wp","href":"https:\/\/api.w.org\/{rel}","templated":true}]}}