{"id":209166,"date":"2022-04-25T10:02:29","date_gmt":"2022-04-25T14:02:29","guid":{"rendered":"https:\/\/elluchador.info\/web\/?p=209166"},"modified":"2022-04-25T10:02:29","modified_gmt":"2022-04-25T14:02:29","slug":"el-sistema-de-orquestas-en-ciudad-bolivar-cumple-45-anos","status":"publish","type":"post","link":"https:\/\/elluchador.info\/?p=209166","title":{"rendered":"El Sistema de orquestas en Ciudad Bol\u00edvar cumple 45 a\u00f1os"},"content":{"rendered":"<p style=\"font-weight: 400;\">Con una semana repleta de actividades en cada rinc\u00f3n de la ciudad, el Sistema de orquestas y Coros Juveniles e Infantiles de Venezuela, n\u00facleo Ciudad Bol\u00edvar, celebra 45 a\u00f1os de creado.<\/p>\n<p style=\"font-weight: 400;\">\u201cHemos planificado una variedad de actividades en la calle para llevar este hermoso proyecto social creado por un insigne hombre como lo fue el Maestro Jos\u00e9 Antonio Abreu, a cada rinc\u00f3n de nuestra ciudad\u201d, as\u00ed lo dio a conocer el Maestro Dino Pronio, director musical y administrativo de esta sede musical.<\/p>\n<p style=\"font-weight: 400;\">Pronio dijo:\u201d iniciamos nuestra actividad musical formal un primero de mayo de 1.977 con un concierto en la Concha Ac\u00fastica de Ciudad Bol\u00edvar, un grupo de n\u00f3veles talentos reclutados en aquel entonces por el Maestro Abreu y vamos a celebrarlo en el mismo lugar con un hermoso concierto\u201d.<\/p>\n<p style=\"font-weight: 400;\">Adem\u00e1s Pronio inform\u00f3 que desde este lunes 25, estar\u00e1n en los medios de comunicaci\u00f3n dando entrevistas para informar de todas estas actividades y que \u201cnuestra ciudad escuche, de las propias voces de nuestros instructores e integrantes, lo que significa este hermoso proyecto de acci\u00f3n social, para luego el d\u00eda martes visitar los centros de salud m\u00e1s emblem\u00e1ticos de la ciudad y regalarles nuestras melod\u00edas a quienes d\u00eda a d\u00eda dan lo mejor de si para salvar vidas\u201d.<\/p>\n<p style=\"font-weight: 400;\">Se prev\u00e9 visitas al hospital Ruiz y P\u00e1ez, hospital municipal Sbtte. Omaira Rodr\u00edguez, IVSS, ambulatorio Petra Emilia y a cada espacio de atenci\u00f3n de salud cercano a las residencias de los integrantes de los diferentes proyectos musicales.<\/p>\n<p style=\"font-weight: 400;\">El d\u00eda mi\u00e9rcoles visitar\u00e1n las instituciones del Estado, teniendo ya en agenda confirmada la asistencia al palacio de justicia (TSJ), la Defensor\u00eda del Pueblo, el Consejo Nacional Electoral, el palacio de gobierno municipal, la catedral metropolitana, la secretaria de cultura de la gobernaci\u00f3n, entre otros.<\/p>\n<p style=\"font-weight: 400;\">El d\u00eda jueves les toca a los espacios educativos con \u201cEl Sistema va a las escuelas\u201d, momento en el que cada integrante del n\u00facleo har\u00e1 gala de sus habilidades musicales con sus instrumentos, en sus espacios naturales de estudio, en cada escuela, colegio, liceo o universidad que estudie uno de sus integrantes, se escuchar\u00e1n sus melod\u00edas e historia de El Sistema y del n\u00facleo local.<\/p>\n<p style=\"font-weight: 400;\">El d\u00eda viernes 29 les corresponde la visita a las comunidades vulnerables, por lo que se trasladar\u00e1n al INASS \u201cCarlos Fragachan\u201d, a dibujar sonrisas en los adultos mayores que all\u00ed conviven, de la misma manera a los adolescentes en conflicto con la ley penal, los j\u00f3venes con discapacidad y la comunidad ind\u00edgena.<\/p>\n<p style=\"font-weight: 400;\">Para luego en horas de la tarde del mismo d\u00eda, se desarrollar\u00e1 una actividad en los espacios del n\u00facleo, ubicados en el Centro Cultural Bol\u00edvar, parroquia Vista Hermosa, llamada \u201cRetratos del Sistema\u201d, en la cual se exhibir\u00e1 una muestra fotogr\u00e1fica de los pilares de El Sistema a nivel nacional y local, un concurso de dibujo para los integrantes del n\u00facleo y ser\u00e1 la oportunidad para escuchar la presentaci\u00f3n de ensambles musicales y proyectos musicales de los m\u00e1s peque\u00f1os de la casa, donde se esperan hermosas sorpresas.<\/p>\n<p style=\"font-weight: 400;\">Agreg\u00f3 el Maestro Dino que \u201cel domingo primero de mayo se escenificar\u00e1 nuestro \u201caniversario sinf\u00f3nico\u201d, con un concierto en la concha ac\u00fastica del parque Leonardo Ruiz Pineda, con invitados especiales, en la que nuestros muchachos mostrar\u00e1n sus avances acad\u00e9micos y deleitar\u00e1n a los asistentes con hermosas melod\u00edas.<\/p>\n<p style=\"font-weight: 400;\"><strong>Gala del Bolero<\/strong><\/p>\n<p><img loading=\"lazy\" decoding=\"async\" class=\"alignnone size-full wp-image-209171\" src=\"https:\/\/elluchador.info\/web\/wp-content\/uploads\/2022\/04\/4105a24c-c56a-42bd-971d-dbfef99b22c6.jpg\" alt=\"\" width=\"656\" height=\"1080\" srcset=\"https:\/\/elluchador.info\/wp-content\/uploads\/2022\/04\/4105a24c-c56a-42bd-971d-dbfef99b22c6.jpg 656w, https:\/\/elluchador.info\/wp-content\/uploads\/2022\/04\/4105a24c-c56a-42bd-971d-dbfef99b22c6-182x300.jpg 182w, https:\/\/elluchador.info\/wp-content\/uploads\/2022\/04\/4105a24c-c56a-42bd-971d-dbfef99b22c6-622x1024.jpg 622w, https:\/\/elluchador.info\/wp-content\/uploads\/2022\/04\/4105a24c-c56a-42bd-971d-dbfef99b22c6-255x420.jpg 255w, https:\/\/elluchador.info\/wp-content\/uploads\/2022\/04\/4105a24c-c56a-42bd-971d-dbfef99b22c6-640x1054.jpg 640w\" sizes=\"auto, (max-width: 656px) 100vw, 656px\" \/><\/p>\n<p style=\"font-weight: 400;\">Para el 6 y 7 de mayo se tiene previsto una noche inolvidable en la sede de la orquesta, con la presentaci\u00f3n de La Gala del Bolero, una hermosa producci\u00f3n musical con La Big Band, bajo la batuta del maestro Orlando Flores y presentados por la Doctorisima Decci Plaz, un evento para recaudar fondos para el n\u00facleo, al cual Pronio \u00a0invit\u00f3 a la sociedad bolivarense a disfrutar.<\/p>\n<p style=\"font-weight: 400;\">Finaliz\u00f3 agradeciendo a los medios de comunicaci\u00f3n por el apoyo en la difusi\u00f3n de todas estas actividades, as\u00ed como tambi\u00e9n a la empresa privada e instituciones p\u00fablicas que har\u00e1n posible esta agenda.<\/p>\n<p style=\"font-weight: 400;\">Igualmente invit\u00f3 a todos los ni\u00f1os, ni\u00f1as, adolescentes y j\u00f3venes a formar parte de este hermoso proyecto de acci\u00f3n social y musical, visitando la sede del n\u00facleo que est\u00e1 ubicada en el Centro Cultural Bol\u00edvar de Vista Hermosa, detr\u00e1s del Saime, que ingresen a la p\u00e1gina oficial en la web:\u00a0<a href=\"http:\/\/elsistema.org.ve\/\" data-saferedirecturl=\"https:\/\/www.google.com\/url?q=http:\/\/elsistema.org.ve&amp;source=gmail&amp;ust=1650979718492000&amp;usg=AOvVaw2Lis4dSk_BioasLu5a9GY0\">elsistema.org.ve<\/a>\u00a0y que sigan las redes sociales oficiales en Instagram:\u00a0<strong>@elsistema_\u00a0\u00a0 y\u00a0\u00a0 @elsistemacbl.<\/strong><\/p>\n<p><strong>Gabriela Simosa<\/strong><\/p>\n","protected":false},"excerpt":{"rendered":"<p>Con una semana repleta de actividades en cada rinc\u00f3n de la ciudad, el Sistema de orquestas y Coros Juveniles e Infantiles de Venezuela, n\u00facleo Ciudad Bol\u00edvar, celebra 45 a\u00f1os de creado. \u201cHemos planificado una variedad de actividades en la calle para llevar este hermoso proyecto social creado por un insigne hombre como lo fue el [&hellip;]<\/p>\n","protected":false},"author":2,"featured_media":209170,"comment_status":"closed","ping_status":"closed","sticky":false,"template":"","format":"standard","meta":{"footnotes":""},"categories":[5,12],"tags":[],"class_list":{"0":"post-209166","1":"post","2":"type-post","3":"status-publish","4":"format-standard","5":"has-post-thumbnail","7":"category-destacado","8":"category-regionales"},"_links":{"self":[{"href":"https:\/\/elluchador.info\/index.php?rest_route=\/wp\/v2\/posts\/209166","targetHints":{"allow":["GET"]}}],"collection":[{"href":"https:\/\/elluchador.info\/index.php?rest_route=\/wp\/v2\/posts"}],"about":[{"href":"https:\/\/elluchador.info\/index.php?rest_route=\/wp\/v2\/types\/post"}],"author":[{"embeddable":true,"href":"https:\/\/elluchador.info\/index.php?rest_route=\/wp\/v2\/users\/2"}],"replies":[{"embeddable":true,"href":"https:\/\/elluchador.info\/index.php?rest_route=%2Fwp%2Fv2%2Fcomments&post=209166"}],"version-history":[{"count":2,"href":"https:\/\/elluchador.info\/index.php?rest_route=\/wp\/v2\/posts\/209166\/revisions"}],"predecessor-version":[{"id":209172,"href":"https:\/\/elluchador.info\/index.php?rest_route=\/wp\/v2\/posts\/209166\/revisions\/209172"}],"wp:featuredmedia":[{"embeddable":true,"href":"https:\/\/elluchador.info\/index.php?rest_route=\/wp\/v2\/media\/209170"}],"wp:attachment":[{"href":"https:\/\/elluchador.info\/index.php?rest_route=%2Fwp%2Fv2%2Fmedia&parent=209166"}],"wp:term":[{"taxonomy":"category","embeddable":true,"href":"https:\/\/elluchador.info\/index.php?rest_route=%2Fwp%2Fv2%2Fcategories&post=209166"},{"taxonomy":"post_tag","embeddable":true,"href":"https:\/\/elluchador.info\/index.php?rest_route=%2Fwp%2Fv2%2Ftags&post=209166"}],"curies":[{"name":"wp","href":"https:\/\/api.w.org\/{rel}","templated":true}]}}