{"id":209173,"date":"2022-04-25T10:31:23","date_gmt":"2022-04-25T14:31:23","guid":{"rendered":"https:\/\/elluchador.info\/web\/?p=209173"},"modified":"2022-04-25T10:31:23","modified_gmt":"2022-04-25T14:31:23","slug":"izan-nueva-bandera-de-caracas-en-el-waraira-repano","status":"publish","type":"post","link":"https:\/\/elluchador.info\/?p=209173","title":{"rendered":"Izan nueva bandera de Caracas en el Waraira Repano"},"content":{"rendered":"<p>La actividad, en la que tambi\u00e9n se entonaron las notas del nuevo himno de la ciudad, estuvo encabezada por la alcaldesa de la ciudad, Carmen Mel\u00e9ndez, el jefe de gobierno de Caracas, Nah\u00fam Fern\u00e1ndez, y el ministro de Turismo, Al\u00ed Padr\u00f3n.<\/p>\n<p class=\"has-text-align-justify\">\u00abEste es un d\u00eda hist\u00f3rico para la patria, que aqu\u00ed en este majestuoso Waraira Repano estemos entonando el himno de Caracas e izando nuestra bandera que nos representar\u00e1 en todos los rincones de la capital\u00bb, resalt\u00f3 Mel\u00e9ndez.<\/p>\n<p class=\"has-text-align-justify\">Manifest\u00f3 que la ciudad llevaba m\u00e1s de nueve a\u00f1os sin s\u00edmbolos que la identificaran, por lo que a trav\u00e9s de un concurso en el participaron 750 mil personas, se escogi\u00f3 a los autores creadores de los nuevos s\u00edmbolos.<\/p>\n<p class=\"has-text-align-justify\">Mel\u00e9ndez agradeci\u00f3 el talento de todos los artistas y participantes que lograron reflejar en los s\u00edmbolos la resistencia de la ciudad. Explic\u00f3 que a partir de este lunes todas instituciones educativas de la entidad deber\u00e1n tener dos banderas, la nacional y la del estado.<\/p>\n<p>Indic\u00f3 que continuar\u00e1n trabajando para que Caracas siga brillando y se convierta en la ciudad que los ciudadanos merecen.<\/p>\n<p class=\"has-text-align-justify\">Por su parte, el jefe de gobierno de Caracas, Nah\u00fam Fern\u00e1ndez, felicit\u00f3 a los concejales y el equipo que integra al Concejo Municipal de Caracas por la gran labor.<\/p>\n<p class=\"has-text-align-justify\">Indic\u00f3 que \u00ablos caraque\u00f1os, en la escuelas y en la comunidades estamos celebrando este acto, que es un acto digno, que fortalce nuestra historia y m\u00e1s nuestra regi\u00f3n caraque\u00f1a\u00bb.<\/p>\n<p>Resalt\u00f3 el talento de los m\u00e1s de 20 artistas, entre m\u00fasicos, pintores, poetas, cultores, investigadores, entre otros, que participaron en la creaci\u00f3n de los nuevos s\u00edmbolos caraque\u00f1os.<\/p>\n<p>Destac\u00f3 que cada s\u00edmbolo rescata la belleza del Waraira Repano, paisaje que \u00abforma parte de la historia de los caraque\u00f1os\u00bb.<\/p>\n<p class=\"has-text-align-justify\">Finalmente, las autoridades sembraron dos \u00e1rboles de granadas, fruta predilecta de Sim\u00f3n Bol\u00edvar, lo que representa un tributo a El Libertador.<\/p>\n<p><strong>\u00daltimas Noticias<\/strong><\/p>\n","protected":false},"excerpt":{"rendered":"<p>La actividad, en la que tambi\u00e9n se entonaron las notas del nuevo himno de la ciudad, estuvo encabezada por la alcaldesa de la ciudad, Carmen Mel\u00e9ndez, el jefe de gobierno de Caracas, Nah\u00fam Fern\u00e1ndez, y el ministro de Turismo, Al\u00ed Padr\u00f3n. \u00abEste es un d\u00eda hist\u00f3rico para la patria, que aqu\u00ed en este majestuoso Waraira [&hellip;]<\/p>\n","protected":false},"author":2,"featured_media":209174,"comment_status":"closed","ping_status":"closed","sticky":false,"template":"","format":"standard","meta":{"footnotes":""},"categories":[9],"tags":[],"class_list":{"0":"post-209173","1":"post","2":"type-post","3":"status-publish","4":"format-standard","5":"has-post-thumbnail","7":"category-nacionales"},"_links":{"self":[{"href":"https:\/\/elluchador.info\/index.php?rest_route=\/wp\/v2\/posts\/209173","targetHints":{"allow":["GET"]}}],"collection":[{"href":"https:\/\/elluchador.info\/index.php?rest_route=\/wp\/v2\/posts"}],"about":[{"href":"https:\/\/elluchador.info\/index.php?rest_route=\/wp\/v2\/types\/post"}],"author":[{"embeddable":true,"href":"https:\/\/elluchador.info\/index.php?rest_route=\/wp\/v2\/users\/2"}],"replies":[{"embeddable":true,"href":"https:\/\/elluchador.info\/index.php?rest_route=%2Fwp%2Fv2%2Fcomments&post=209173"}],"version-history":[{"count":1,"href":"https:\/\/elluchador.info\/index.php?rest_route=\/wp\/v2\/posts\/209173\/revisions"}],"predecessor-version":[{"id":209175,"href":"https:\/\/elluchador.info\/index.php?rest_route=\/wp\/v2\/posts\/209173\/revisions\/209175"}],"wp:featuredmedia":[{"embeddable":true,"href":"https:\/\/elluchador.info\/index.php?rest_route=\/wp\/v2\/media\/209174"}],"wp:attachment":[{"href":"https:\/\/elluchador.info\/index.php?rest_route=%2Fwp%2Fv2%2Fmedia&parent=209173"}],"wp:term":[{"taxonomy":"category","embeddable":true,"href":"https:\/\/elluchador.info\/index.php?rest_route=%2Fwp%2Fv2%2Fcategories&post=209173"},{"taxonomy":"post_tag","embeddable":true,"href":"https:\/\/elluchador.info\/index.php?rest_route=%2Fwp%2Fv2%2Ftags&post=209173"}],"curies":[{"name":"wp","href":"https:\/\/api.w.org\/{rel}","templated":true}]}}