{"id":209238,"date":"2022-04-26T14:45:38","date_gmt":"2022-04-26T18:45:38","guid":{"rendered":"https:\/\/elluchador.info\/web\/?p=209238"},"modified":"2022-04-26T14:45:38","modified_gmt":"2022-04-26T18:45:38","slug":"turquia-anula-uso-de-mascarillas-tras-bajas-de-contagios-diarios-covid-19","status":"publish","type":"post","link":"https:\/\/elluchador.info\/?p=209238","title":{"rendered":"Turqu\u00eda anula uso de mascarillas tras bajas de contagios diarios COVID-19"},"content":{"rendered":"<p>Unos 53 millones de los 84,6 millones de habitantes de Turqu\u00eda\u00a0<strong>han recibido al menos dos dosis de la vacuna<\/strong>, y casi 28 millones han recibido una tercera dosis.<\/p>\n<p>Turqu\u00eda elimin\u00f3 el martes una de las \u00faltimas restricciones que le quedaban en relaci\u00f3n con el COVID-19: el uso de mascarillas en lugares cerrados y concurridos.<\/p>\n<p>El presidente turco, Recep Tayyip Erdogan, anunci\u00f3 la medida durante una reuni\u00f3n televisada de la junta cient\u00edfica que\u00a0<strong>ha dirigido las medidas de Turqu\u00eda para combatir la pandemia durante dos a\u00f1o<\/strong>s. Afirm\u00f3 que la junta no se volver\u00e1 a reunir a menos que surjan circunstancias \u201cextraordinarias\u201d.<\/p>\n<p>\u201c<strong>La obligaci\u00f3n de usar mascarillas en espacios cerrados\u2026 se elimin\u00f3 por completo<\/strong>\u201d, declar\u00f3 Erdogan en Ankara. \u201cLa aplicaci\u00f3n de cubrebocas continuar\u00e1 por un tiempo solamente en veh\u00edculos de transporte p\u00fablico y en instituciones de salud hasta que el n\u00famero de casos (diarios) caiga por debajo de 1.000\u201d.<\/p>\n<p>Agreg\u00f3 que se seguir\u00e1 recomendando que los\u00a0<strong>mayores de 65 a\u00f1os y las personas con problemas de salud que contin\u00faen empleando mascarillas<\/strong>.<\/p>\n<p>El n\u00famero de casos diarios se ha reducido dr\u00e1sticamente desde principios de febrero, cuando<strong>\u00a0se registraron m\u00e1s de 110.000 contagios<\/strong>. Los datos diarios publicados el lunes por el Ministerio de Salud fueron de 2.604 casos y 15 muertes.<\/p>\n<p>A principios de marzo, el gobierno relaj\u00f3 las normas sobre\u00a0<strong>el uso de mascarillas, elimin\u00e1ndolas para exteriores o en sitios interiores\u00a0<\/strong>con suficiente circulaci\u00f3n de aire y distanciamiento social. Tambi\u00e9n puso fin a la necesidad de que las personas muestren una app en el celular que muestra su registro de salud personal al ingresar a lugares como centros comerciales.<\/p>\n<p>El Impulso<\/p>\n","protected":false},"excerpt":{"rendered":"<p>Unos 53 millones de los 84,6 millones de habitantes de Turqu\u00eda\u00a0han recibido al menos dos dosis de la vacuna, y casi 28 millones han recibido una tercera dosis. Turqu\u00eda elimin\u00f3 el martes una de las \u00faltimas restricciones que le quedaban en relaci\u00f3n con el COVID-19: el uso de mascarillas en lugares cerrados y concurridos. El [&hellip;]<\/p>\n","protected":false},"author":2,"featured_media":209239,"comment_status":"closed","ping_status":"closed","sticky":false,"template":"","format":"standard","meta":{"footnotes":""},"categories":[5,8],"tags":[281,1015,923],"class_list":{"0":"post-209238","1":"post","2":"type-post","3":"status-publish","4":"format-standard","5":"has-post-thumbnail","7":"category-destacado","8":"category-internacionales","9":"tag-covid-19","10":"tag-mascarillas","11":"tag-turquia"},"_links":{"self":[{"href":"https:\/\/elluchador.info\/index.php?rest_route=\/wp\/v2\/posts\/209238","targetHints":{"allow":["GET"]}}],"collection":[{"href":"https:\/\/elluchador.info\/index.php?rest_route=\/wp\/v2\/posts"}],"about":[{"href":"https:\/\/elluchador.info\/index.php?rest_route=\/wp\/v2\/types\/post"}],"author":[{"embeddable":true,"href":"https:\/\/elluchador.info\/index.php?rest_route=\/wp\/v2\/users\/2"}],"replies":[{"embeddable":true,"href":"https:\/\/elluchador.info\/index.php?rest_route=%2Fwp%2Fv2%2Fcomments&post=209238"}],"version-history":[{"count":1,"href":"https:\/\/elluchador.info\/index.php?rest_route=\/wp\/v2\/posts\/209238\/revisions"}],"predecessor-version":[{"id":209240,"href":"https:\/\/elluchador.info\/index.php?rest_route=\/wp\/v2\/posts\/209238\/revisions\/209240"}],"wp:featuredmedia":[{"embeddable":true,"href":"https:\/\/elluchador.info\/index.php?rest_route=\/wp\/v2\/media\/209239"}],"wp:attachment":[{"href":"https:\/\/elluchador.info\/index.php?rest_route=%2Fwp%2Fv2%2Fmedia&parent=209238"}],"wp:term":[{"taxonomy":"category","embeddable":true,"href":"https:\/\/elluchador.info\/index.php?rest_route=%2Fwp%2Fv2%2Fcategories&post=209238"},{"taxonomy":"post_tag","embeddable":true,"href":"https:\/\/elluchador.info\/index.php?rest_route=%2Fwp%2Fv2%2Ftags&post=209238"}],"curies":[{"name":"wp","href":"https:\/\/api.w.org\/{rel}","templated":true}]}}