{"id":209256,"date":"2022-04-26T15:28:50","date_gmt":"2022-04-26T19:28:50","guid":{"rendered":"https:\/\/elluchador.info\/web\/?p=209256"},"modified":"2022-04-26T15:28:50","modified_gmt":"2022-04-26T19:28:50","slug":"nadal-participara-en-el-mutua-madrid-open","status":"publish","type":"post","link":"https:\/\/elluchador.info\/?p=209256","title":{"rendered":"Nadal participar\u00e1 en el Mutua Madrid Open"},"content":{"rendered":"<p>\u00abA pesar de llegar justo de preparaci\u00f3n y ser dif\u00edcil, tengo muchas ganas de jugar y jugar en casa, ya que las oportunidades son pocas. A tratar de hacerlo de la mejor manera posible. Nos vemos en Madrid\u00bb, escribe Nadal en su espacio en Twitter.<\/p>\n<p><strong>El tenista espa\u00f1ol Rafael Nadal confirm\u00f3 este martes a trav\u00e9s de las redes sociales su presencia en el ATP Masters 1.000 Mutua Madrid Open, que se juega del 1 al 8 de mayo<\/strong>.<\/p>\n<p>El pasado 18 de abril Nadal anunci\u00f3 su regreso a los entrenamientos, cuatro semanas despu\u00e9s de informar de que deb\u00eda suspender toda actividad f\u00edsica por una lesi\u00f3n en las costillas.<\/p>\n<p>El ganador de 21 t\u00edtulos de Grand Slam no jugaba sobre tierra batida, su superficie favorita, desde el torneo de Roland Garros del pasado a\u00f1o.<\/p>\n<p>Se lesion\u00f3 en la final del Indians Wells, que perdi\u00f3 ante al estadounidense Taylor Fritz, tras eliminar en las semifinales a su compatriota Carlos Alcaraz.<\/p>\n<p>Despu\u00e9s de Madrid Nadal estudiar\u00e1 si jugar\u00e1 en Roma (del 9 al 15 de mayo) antes de afrontar Roland Garros (del 22 de mayo al 5 de junio), su torneo favorito y que ha ganado en trece ocasiones.<\/p>\n<p>EFE\/Uni\u00f3n Radio<\/p>\n","protected":false},"excerpt":{"rendered":"<p>\u00abA pesar de llegar justo de preparaci\u00f3n y ser dif\u00edcil, tengo muchas ganas de jugar y jugar en casa, ya que las oportunidades son pocas. A tratar de hacerlo de la mejor manera posible. Nos vemos en Madrid\u00bb, escribe Nadal en su espacio en Twitter. El tenista espa\u00f1ol Rafael Nadal confirm\u00f3 este martes a trav\u00e9s [&hellip;]<\/p>\n","protected":false},"author":2,"featured_media":209257,"comment_status":"closed","ping_status":"closed","sticky":false,"template":"","format":"standard","meta":{"footnotes":""},"categories":[4,5],"tags":[],"class_list":{"0":"post-209256","1":"post","2":"type-post","3":"status-publish","4":"format-standard","5":"has-post-thumbnail","7":"category-deportes","8":"category-destacado"},"_links":{"self":[{"href":"https:\/\/elluchador.info\/index.php?rest_route=\/wp\/v2\/posts\/209256","targetHints":{"allow":["GET"]}}],"collection":[{"href":"https:\/\/elluchador.info\/index.php?rest_route=\/wp\/v2\/posts"}],"about":[{"href":"https:\/\/elluchador.info\/index.php?rest_route=\/wp\/v2\/types\/post"}],"author":[{"embeddable":true,"href":"https:\/\/elluchador.info\/index.php?rest_route=\/wp\/v2\/users\/2"}],"replies":[{"embeddable":true,"href":"https:\/\/elluchador.info\/index.php?rest_route=%2Fwp%2Fv2%2Fcomments&post=209256"}],"version-history":[{"count":1,"href":"https:\/\/elluchador.info\/index.php?rest_route=\/wp\/v2\/posts\/209256\/revisions"}],"predecessor-version":[{"id":209258,"href":"https:\/\/elluchador.info\/index.php?rest_route=\/wp\/v2\/posts\/209256\/revisions\/209258"}],"wp:featuredmedia":[{"embeddable":true,"href":"https:\/\/elluchador.info\/index.php?rest_route=\/wp\/v2\/media\/209257"}],"wp:attachment":[{"href":"https:\/\/elluchador.info\/index.php?rest_route=%2Fwp%2Fv2%2Fmedia&parent=209256"}],"wp:term":[{"taxonomy":"category","embeddable":true,"href":"https:\/\/elluchador.info\/index.php?rest_route=%2Fwp%2Fv2%2Fcategories&post=209256"},{"taxonomy":"post_tag","embeddable":true,"href":"https:\/\/elluchador.info\/index.php?rest_route=%2Fwp%2Fv2%2Ftags&post=209256"}],"curies":[{"name":"wp","href":"https:\/\/api.w.org\/{rel}","templated":true}]}}