{"id":209386,"date":"2022-04-29T09:54:28","date_gmt":"2022-04-29T13:54:28","guid":{"rendered":"https:\/\/elluchador.info\/web\/?p=209386"},"modified":"2022-04-29T09:54:28","modified_gmt":"2022-04-29T13:54:28","slug":"maduro-reivindicamos-a-manuel-piar","status":"publish","type":"post","link":"https:\/\/elluchador.info\/?p=209386","title":{"rendered":"Maduro: reivindicamos a Manuel Piar"},"content":{"rendered":"<p>El presidente de la Rep\u00fablica, Nicol\u00e1s Maduro, dio la bienvenida este jueves a los restos simb\u00f3licos del G\/J Manuel Piar al Pante\u00f3n Nacional, a la vez que asegur\u00f3 que los hechos de su participaci\u00f3n en la historia han sido manipulados.<\/p>\n<p>Desde el acto protocolar mostr\u00f3 un material audiovisual sobre el procer independentista, a la vez que record\u00f3 que lider\u00f3 la Batalla de San F\u00e9lix.<\/p>\n<p>\u00abPasando por encima de la mentira y la manipulaci\u00f3n nos comprometimos a reivindicar la figura del General en Jefe Manuel Piar y aqu\u00ed est\u00e1 en el Pante\u00f3n Nacional\u00bb, dijo.<\/p>\n<p>Asegur\u00f3 que esto es un acto de sentido de justicia con la historia de Venezuela. \u00abEste es un acto de profundo sentido de justicia, porque nuestro General en Jefe pardo ha entrado al Pante\u00f3n Nacional \u00a1Bienvenido!\u00bb, expres\u00f3.<\/p>\n<h3 id=\"h-llamo-a-elevar-la-verdadera-historia-de-la-patria\">Llam\u00f3 a elevar la verdadera historia de la Patria<\/h3>\n<p>Maduro, llam\u00f3 a recordar los hechos de los h\u00e9roes de la Independencia, \u00abdebemos hacer un gran esfuerzo pedag\u00f3gico para conocer, interpretar y enaltecer la historia de nuestros h\u00e9roes y hero\u00ednas\u00bb, inst\u00f3 el mandatario nacional.<\/p>\n<p>Record\u00f3 la distorsi\u00f3n de la historia que envuelve a Manuel Piar, quien fue ejecutado por traidores de la Patria.<\/p>\n<p>\u00abLos procesos hist\u00f3ricos jam\u00e1s pueden ser interpretados como procesos id\u00edlicos, exentos de contradicciones, conflictos\u00bb, explic\u00f3.<\/p>\n<p>Asever\u00f3 que, desde que se conoci\u00f3 la verdadera historia de la lucha de Piar por el pueblo y por los ideales bolivarianos y revolucionarios, el Gobierno Nacional trabaj\u00f3 para llevar los restos inmortales del general al Pante\u00f3n Nacional, lugar donde descansan todos los luchadores independentistas.<\/p>\n<h3>Resistencia del pueblo de Venezuela<\/h3>\n<p>Maduro recalc\u00f3 que desde hace m\u00e1s de 200 a\u00f1os Venezuela ha batallado en la resistencia, \u00abPiar tu pueblo te rinde honores y juramos seguir siendo leales a la historia y al pueblo de Venezuela. \u00a1Que viva la memoria hist\u00f3rica de tu lucha!\u00bb, dijo desde el Pante\u00f3n.<\/p>\n<p>Agreg\u00f3, \u00abManuel Piar conoci\u00f3 a fondo el racismo, la exclusi\u00f3n y el desprecio de las clases dominantes para entonces. Eso lo llev\u00f3 a apoyar el movimiento revolucionario independentista que iniciaron Gual y Espa\u00f1a\u00bb.<\/p>\n<p>El historiador Omar Hurtado, fue el encargado de dar las palabras de apertura y recordar el paso de Manuel Piar por la historia.<\/p>\n<p>Este hecho hist\u00f3rico se realiza a prop\u00f3sito de los 248 a\u00f1os de su natalicio, ocurrido en Willemstad, Curazao. El que ser\u00eda conocido como \u00abGeneral\u00edsimo Invicto\u00bb fue hijo de la mulata Mar\u00eda Isabel G\u00f3mez y del canario Fernando Piar Lot\u00edn.<\/p>\n<p>Los restos del G\/J Manuel Piar llegaron al Pante\u00f3n Nacional en manos del gobernador del estado Bol\u00edvar, \u00c1ngel Marcano, quien se las entreg\u00f3 al presidente, Nicol\u00e1s Maduro para recibir los respectivos honores.<\/p>\n<p>Desde el 9 de marzo, inici\u00f3 el proceso de recuperaci\u00f3n cuando una comisi\u00f3n fue creada para realizar el traslado de los restos simb\u00f3licos, encabezada por el secretario de Gobierno del estado Bol\u00edvar, Noel Amador.<\/p>\n<p>Se acord\u00f3 la recolecci\u00f3n de los restos y remoci\u00f3n de la tierra que pisara el pr\u00f3cer y sitios donde tuvo una participaci\u00f3n hist\u00f3rica en los estados Anzo\u00e1tegui y Bol\u00edvar; as\u00ed como en su pa\u00eds natal, Curazao.<\/p>\n<p><strong>\u00daltimas Noticias<\/strong><\/p>\n","protected":false},"excerpt":{"rendered":"<p>El presidente de la Rep\u00fablica, Nicol\u00e1s Maduro, dio la bienvenida este jueves a los restos simb\u00f3licos del G\/J Manuel Piar al Pante\u00f3n Nacional, a la vez que asegur\u00f3 que los hechos de su participaci\u00f3n en la historia han sido manipulados. Desde el acto protocolar mostr\u00f3 un material audiovisual sobre el procer independentista, a la vez [&hellip;]<\/p>\n","protected":false},"author":2,"featured_media":209387,"comment_status":"closed","ping_status":"closed","sticky":false,"template":"","format":"standard","meta":{"footnotes":""},"categories":[5,9],"tags":[],"class_list":{"0":"post-209386","1":"post","2":"type-post","3":"status-publish","4":"format-standard","5":"has-post-thumbnail","7":"category-destacado","8":"category-nacionales"},"_links":{"self":[{"href":"https:\/\/elluchador.info\/index.php?rest_route=\/wp\/v2\/posts\/209386","targetHints":{"allow":["GET"]}}],"collection":[{"href":"https:\/\/elluchador.info\/index.php?rest_route=\/wp\/v2\/posts"}],"about":[{"href":"https:\/\/elluchador.info\/index.php?rest_route=\/wp\/v2\/types\/post"}],"author":[{"embeddable":true,"href":"https:\/\/elluchador.info\/index.php?rest_route=\/wp\/v2\/users\/2"}],"replies":[{"embeddable":true,"href":"https:\/\/elluchador.info\/index.php?rest_route=%2Fwp%2Fv2%2Fcomments&post=209386"}],"version-history":[{"count":1,"href":"https:\/\/elluchador.info\/index.php?rest_route=\/wp\/v2\/posts\/209386\/revisions"}],"predecessor-version":[{"id":209388,"href":"https:\/\/elluchador.info\/index.php?rest_route=\/wp\/v2\/posts\/209386\/revisions\/209388"}],"wp:featuredmedia":[{"embeddable":true,"href":"https:\/\/elluchador.info\/index.php?rest_route=\/wp\/v2\/media\/209387"}],"wp:attachment":[{"href":"https:\/\/elluchador.info\/index.php?rest_route=%2Fwp%2Fv2%2Fmedia&parent=209386"}],"wp:term":[{"taxonomy":"category","embeddable":true,"href":"https:\/\/elluchador.info\/index.php?rest_route=%2Fwp%2Fv2%2Fcategories&post=209386"},{"taxonomy":"post_tag","embeddable":true,"href":"https:\/\/elluchador.info\/index.php?rest_route=%2Fwp%2Fv2%2Ftags&post=209386"}],"curies":[{"name":"wp","href":"https:\/\/api.w.org\/{rel}","templated":true}]}}