{"id":209390,"date":"2022-05-02T14:21:17","date_gmt":"2022-05-02T18:21:17","guid":{"rendered":"https:\/\/elluchador.info\/web\/?p=209390"},"modified":"2022-05-02T14:21:17","modified_gmt":"2022-05-02T18:21:17","slug":"bolivar-sera-sede-del-1er-congreso-nacional-de-servicios-publicos","status":"publish","type":"post","link":"https:\/\/elluchador.info\/?p=209390","title":{"rendered":"Bol\u00edvar ser\u00e1 sede del 1er. Congreso Nacional de Servicios P\u00fablicos"},"content":{"rendered":"<p><span style=\"font-weight: 400;\">El diputado al Consejo Legislativo del estado Bol\u00edvar ( CLEB) Lisbenio Mu\u00f1oz, presidente de la Comisi\u00f3n Permanente de Econom\u00eda, Finanzas, Planificaci\u00f3n, Contralor\u00eda y Servicios P\u00fablicos, anunci\u00f3 la realizaci\u00f3n del 1er. Congreso Nacional de los Servicios P\u00fablicos, pautado para la \u00faltima\u00a0 semana de abril en el estado Bol\u00edvar.<\/span><\/p>\n<p><span style=\"font-weight: 400;\">En ese sentido, Mu\u00f1oz revel\u00f3 que este significativo evento\u00a0 contar\u00e1 con la presencia del G\/J. N\u00e9stor Luis Reverol, Vicepresidente Sectorial de Obras P\u00fablicas; diputados miembros de la Comisi\u00f3n de Servicios P\u00fablicos de la Asamblea Nacional (AN), autoridades regionales y municipales, para coadyuvar en la b\u00fasqueda de la soluci\u00f3n de la problem\u00e1tica de los servicios p\u00fablicos de la entidad.<\/span><\/p>\n<p><span style=\"font-weight: 400;\">\u00a0\u00abDe la mano de nuestro presidente Nicol\u00e1s Maduro y del gobernador \u00c1ngel Marcano,\u00a0 aspiramos tener el mejor Congreso de los Servicios P\u00fablicos que se viene realizando en el \u00e1mbito de la geograf\u00eda nacional, por medio de un trabajo articulado con todas las Secretarias adscritas a la Gobernaci\u00f3n del estado Bol\u00edvar, la Junta Directiva del Consejo Legislativa con sus \u00a0 Comisiones Permanentes con competencia en servicios p\u00fablicos,\u00a0 diputadas y diputados del Gran Polo Patri\u00f3tico, las once Alcald\u00edas del estado Bol\u00edvar y los Concejos Municipales\u00bb, indic\u00f3.<\/span><\/p>\n<p><span style=\"font-weight: 400;\">En ese orden de ideas, refiri\u00f3 que, \u00abestamos construyendo soluciones para el bienestar del pueblo, debatiendo junto con el Poder Popular organizado y el Partido Socialista Unido de Venezuela, para promover todas las propuestas con factibilidad de ejecuci\u00f3n a corto y mediano plazo, con bajo costo y que generen un alto impacto en la mejora de los servicios, como lo ha instruido nuestro presidente Nicol\u00e1s Maduro, para que el 2022 sea el a\u00f1o de los Servicios P\u00fablicos en Venezuela\u00a8, indico Lisbenio Mu\u00f1oz.<\/span><\/p>\n<p><span style=\"font-weight: 400;\">Igualmente, agreg\u00f3 que:\u00a8En\u00a0 nuestro Estado,\u00a0 los representantes de las instituciones responsables de los servicios p\u00fablicos, como por ejemplo, el agua potable, electricidad, aseo urbano, transporte p\u00fablico, telecomunicaciones, entre otros,\u00a0 han venido desarrollando algunas\u00a0 mesas de trabajo, previas a este importante\u00a0 Congreso, para promover la creaci\u00f3n de las Brigadas de los Servicios P\u00fablicos, para la construcci\u00f3n de una fuerza de tarea nacional de soluciones territoriales en esta materia\u00a8,\u00a0<\/span><\/p>\n<p><span style=\"font-weight: 400;\">Explic\u00f3 el parlamentario que: \u00a8Uno de los grandes objetivos del Congreso, es seguir coordinando acciones\u00a0 para lograr la mayor suma de felicidad para nuestro pueblo noble y leal.\u00a0 Queremos construir la Agenda Concreta de Acci\u00f3n (ACA) de los Servicios P\u00fablicos para los pr\u00f3ximos meses en el estado Bol\u00edvar, aplicando la metodolog\u00eda de las 3R (Resistir, Renacer y Revolucionar) en esta nueva etapa de transici\u00f3n al Socialismo, para que cada obra que realicemos bajo la orientaci\u00f3n del presidente Nicol\u00e1s Maduro, conductor de victorias\u00a0 y de nuestro gobernador obrero \u00c1ngel Marcano, demuestre la coordinaci\u00f3n y el\u00a0 trabajo en equipo de todos los actores involucrados\u00bb, agreg\u00f3.<\/span><\/p>\n<p><span style=\"font-weight: 400;\">\u00abCon la participaci\u00f3n del pueblo en este Congreso Nacional, buscamos el desarrollo de una nueva conciencia ciudadana, para el uso eficiente y responsable de los servicios p\u00fablicos en el ejercicio de la corresponsabilidad, como est\u00e1 contemplado en nuestra Constituci\u00f3n de la Rep\u00fablica Bolivariana de Venezuela, concluy\u00f3 diciendo el diputado Lisbenio Mu\u00f1oz.<\/span><\/p>\n<p>Cleb Bol\u00edvar<\/p>\n","protected":false},"excerpt":{"rendered":"<p>El diputado al Consejo Legislativo del estado Bol\u00edvar ( CLEB) Lisbenio Mu\u00f1oz, presidente de la Comisi\u00f3n Permanente de Econom\u00eda, Finanzas, Planificaci\u00f3n, Contralor\u00eda y Servicios P\u00fablicos, anunci\u00f3 la realizaci\u00f3n del 1er. Congreso Nacional de los Servicios P\u00fablicos, pautado para la \u00faltima\u00a0 semana de abril en el estado Bol\u00edvar. En ese sentido, Mu\u00f1oz revel\u00f3 que este significativo [&hellip;]<\/p>\n","protected":false},"author":2,"featured_media":209391,"comment_status":"closed","ping_status":"closed","sticky":false,"template":"","format":"standard","meta":{"footnotes":""},"categories":[5,12],"tags":[],"class_list":{"0":"post-209390","1":"post","2":"type-post","3":"status-publish","4":"format-standard","5":"has-post-thumbnail","7":"category-destacado","8":"category-regionales"},"_links":{"self":[{"href":"https:\/\/elluchador.info\/index.php?rest_route=\/wp\/v2\/posts\/209390","targetHints":{"allow":["GET"]}}],"collection":[{"href":"https:\/\/elluchador.info\/index.php?rest_route=\/wp\/v2\/posts"}],"about":[{"href":"https:\/\/elluchador.info\/index.php?rest_route=\/wp\/v2\/types\/post"}],"author":[{"embeddable":true,"href":"https:\/\/elluchador.info\/index.php?rest_route=\/wp\/v2\/users\/2"}],"replies":[{"embeddable":true,"href":"https:\/\/elluchador.info\/index.php?rest_route=%2Fwp%2Fv2%2Fcomments&post=209390"}],"version-history":[{"count":1,"href":"https:\/\/elluchador.info\/index.php?rest_route=\/wp\/v2\/posts\/209390\/revisions"}],"predecessor-version":[{"id":209392,"href":"https:\/\/elluchador.info\/index.php?rest_route=\/wp\/v2\/posts\/209390\/revisions\/209392"}],"wp:featuredmedia":[{"embeddable":true,"href":"https:\/\/elluchador.info\/index.php?rest_route=\/wp\/v2\/media\/209391"}],"wp:attachment":[{"href":"https:\/\/elluchador.info\/index.php?rest_route=%2Fwp%2Fv2%2Fmedia&parent=209390"}],"wp:term":[{"taxonomy":"category","embeddable":true,"href":"https:\/\/elluchador.info\/index.php?rest_route=%2Fwp%2Fv2%2Fcategories&post=209390"},{"taxonomy":"post_tag","embeddable":true,"href":"https:\/\/elluchador.info\/index.php?rest_route=%2Fwp%2Fv2%2Ftags&post=209390"}],"curies":[{"name":"wp","href":"https:\/\/api.w.org\/{rel}","templated":true}]}}