{"id":209399,"date":"2022-05-02T14:41:57","date_gmt":"2022-05-02T18:41:57","guid":{"rendered":"https:\/\/elluchador.info\/web\/?p=209399"},"modified":"2022-05-02T14:42:49","modified_gmt":"2022-05-02T18:42:49","slug":"mp-confirmo-fin-de-motin-en-calabozo-de-la-pnb-en-carabobo","status":"publish","type":"post","link":"https:\/\/elluchador.info\/?p=209399","title":{"rendered":"MP confirm\u00f3 fin de mot\u00edn en calabozo de la PNB en Carabobo"},"content":{"rendered":"<p>El fiscal\u00a0 Tarek William Saab\u00a0 inform\u00f3 que la noche del domingo 1\u00b0 se registr\u00f3 un mot\u00edn en los calabozos de la Polic\u00eda Nacional Bolivariana (PNB), \u00a0en el estado Carabobo el cual finaliz\u00f3 luego de siete horas.<\/p>\n<p>Saab inform\u00f3 que dos fiscales en materia de Derechos Humanos se trasladaron al Centro de Coordinaci\u00f3n de la PNB en Los Guayos, logrando la liberaci\u00f3n de los tres efectivos policiales que estaban en manos de los reclusos \u00a0y el traslado de 53 privados de libertad al internado judicial de Tocuyito<\/p>\n<p>Videos colgados en las redes sociales muestran a los funcionarios de la PNB sin parte de sus uniformes y visiblemente golpeados por los presos, diciendo que \u00a0\u201dsolo quer\u00edan \u00a0un beneficio\u201d y que \u201ctenemos a los suyos atrapaditos\u201d.<\/p>\n<p>Los familiares de los reclusos cargaron contra las autoridades debido al fallecimiento de uno de los presos que estaba enfermo al parecer de diabetes. \u201cMuri\u00f3 por culpa de los polic\u00edas\u00bb\u201d, dijo uno de los familiares al noticiero de una radioemisora.<\/p>\n<p>De acuerdo a varios medios de comunicaci\u00f3n, se acord\u00f3 el traslado de m\u00e1s de 70 reos al internado judicial de Tocuyito.<\/p>\n<p><em><strong>Uni\u00f3n Radio\u00a0<\/strong><\/em><\/p>\n","protected":false},"excerpt":{"rendered":"<p>El fiscal\u00a0 Tarek William Saab\u00a0 inform\u00f3 que la noche del domingo 1\u00b0 se registr\u00f3 un mot\u00edn en los calabozos de la Polic\u00eda Nacional Bolivariana (PNB), \u00a0en el estado Carabobo el cual finaliz\u00f3 luego de siete horas. Saab inform\u00f3 que dos fiscales en materia de Derechos Humanos se trasladaron al Centro de Coordinaci\u00f3n de la PNB [&hellip;]<\/p>\n","protected":false},"author":2,"featured_media":209400,"comment_status":"closed","ping_status":"closed","sticky":false,"template":"","format":"standard","meta":{"footnotes":""},"categories":[5,13],"tags":[898,704,1098,91,758],"class_list":{"0":"post-209399","1":"post","2":"type-post","3":"status-publish","4":"format-standard","5":"has-post-thumbnail","7":"category-destacado","8":"category-sucesos","9":"tag-calabozo","10":"tag-carabobo","11":"tag-motin","12":"tag-pnb","13":"tag-policias"},"_links":{"self":[{"href":"https:\/\/elluchador.info\/index.php?rest_route=\/wp\/v2\/posts\/209399","targetHints":{"allow":["GET"]}}],"collection":[{"href":"https:\/\/elluchador.info\/index.php?rest_route=\/wp\/v2\/posts"}],"about":[{"href":"https:\/\/elluchador.info\/index.php?rest_route=\/wp\/v2\/types\/post"}],"author":[{"embeddable":true,"href":"https:\/\/elluchador.info\/index.php?rest_route=\/wp\/v2\/users\/2"}],"replies":[{"embeddable":true,"href":"https:\/\/elluchador.info\/index.php?rest_route=%2Fwp%2Fv2%2Fcomments&post=209399"}],"version-history":[{"count":1,"href":"https:\/\/elluchador.info\/index.php?rest_route=\/wp\/v2\/posts\/209399\/revisions"}],"predecessor-version":[{"id":209401,"href":"https:\/\/elluchador.info\/index.php?rest_route=\/wp\/v2\/posts\/209399\/revisions\/209401"}],"wp:featuredmedia":[{"embeddable":true,"href":"https:\/\/elluchador.info\/index.php?rest_route=\/wp\/v2\/media\/209400"}],"wp:attachment":[{"href":"https:\/\/elluchador.info\/index.php?rest_route=%2Fwp%2Fv2%2Fmedia&parent=209399"}],"wp:term":[{"taxonomy":"category","embeddable":true,"href":"https:\/\/elluchador.info\/index.php?rest_route=%2Fwp%2Fv2%2Fcategories&post=209399"},{"taxonomy":"post_tag","embeddable":true,"href":"https:\/\/elluchador.info\/index.php?rest_route=%2Fwp%2Fv2%2Ftags&post=209399"}],"curies":[{"name":"wp","href":"https:\/\/api.w.org\/{rel}","templated":true}]}}