{"id":209470,"date":"2022-05-04T11:35:26","date_gmt":"2022-05-04T15:35:26","guid":{"rendered":"https:\/\/elluchador.info\/web\/?p=209470"},"modified":"2022-05-04T11:35:26","modified_gmt":"2022-05-04T15:35:26","slug":"alemania-anuncio-alianza-contra-el-desabastecimiento-de-cereales","status":"publish","type":"post","link":"https:\/\/elluchador.info\/?p=209470","title":{"rendered":"Alemania anunci\u00f3 alianza contra el desabastecimiento de cereales"},"content":{"rendered":"<p>La ministra alemana de Exteriores busca alianza para apoyar a los pa\u00edses m\u00e1s afectados por la explosi\u00f3n de precios de los alimentos en conjunto con el desabastecimiento de cereales, tras el conflicto b\u00e9lico en Ucrania.<\/p>\n<p>En su llegada al Consejo de Ministros extraordinario, celebrado en Meseberg, Annalena Baerbock, indic\u00f3 que el suministro de grano y alimentos no puede garantizarse globalemente.<\/p>\n<p>Record\u00f3 que gran parte del suministro de grano proviene de Ucrania y de Rusia y que de momento las consecuencias s\u00f3lo pueden adivinarse. El conflicto ha tra\u00eddo complicaciones en la obtenci\u00f3n de cereales, Europa depende de la producci\u00f3n para su posterior consumo.<\/p>\n<p>Para amortiguar estas consecuencias, el Gobierno alem\u00e1n acord\u00f3 crear una aianza, destinada a apoyar a pa\u00edses afectados por la colosal subida de precios por la guerra en Ucrania.<\/p>\n<div><strong>DW<\/strong><\/div>\n","protected":false},"excerpt":{"rendered":"<p>La ministra alemana de Exteriores busca alianza para apoyar a los pa\u00edses m\u00e1s afectados por la explosi\u00f3n de precios de los alimentos en conjunto con el desabastecimiento de cereales, tras el conflicto b\u00e9lico en Ucrania. En su llegada al Consejo de Ministros extraordinario, celebrado en Meseberg, Annalena Baerbock, indic\u00f3 que el suministro de grano y [&hellip;]<\/p>\n","protected":false},"author":2,"featured_media":209471,"comment_status":"closed","ping_status":"closed","sticky":false,"template":"","format":"standard","meta":{"footnotes":""},"categories":[8],"tags":[],"class_list":{"0":"post-209470","1":"post","2":"type-post","3":"status-publish","4":"format-standard","5":"has-post-thumbnail","7":"category-internacionales"},"_links":{"self":[{"href":"https:\/\/elluchador.info\/index.php?rest_route=\/wp\/v2\/posts\/209470","targetHints":{"allow":["GET"]}}],"collection":[{"href":"https:\/\/elluchador.info\/index.php?rest_route=\/wp\/v2\/posts"}],"about":[{"href":"https:\/\/elluchador.info\/index.php?rest_route=\/wp\/v2\/types\/post"}],"author":[{"embeddable":true,"href":"https:\/\/elluchador.info\/index.php?rest_route=\/wp\/v2\/users\/2"}],"replies":[{"embeddable":true,"href":"https:\/\/elluchador.info\/index.php?rest_route=%2Fwp%2Fv2%2Fcomments&post=209470"}],"version-history":[{"count":1,"href":"https:\/\/elluchador.info\/index.php?rest_route=\/wp\/v2\/posts\/209470\/revisions"}],"predecessor-version":[{"id":209472,"href":"https:\/\/elluchador.info\/index.php?rest_route=\/wp\/v2\/posts\/209470\/revisions\/209472"}],"wp:featuredmedia":[{"embeddable":true,"href":"https:\/\/elluchador.info\/index.php?rest_route=\/wp\/v2\/media\/209471"}],"wp:attachment":[{"href":"https:\/\/elluchador.info\/index.php?rest_route=%2Fwp%2Fv2%2Fmedia&parent=209470"}],"wp:term":[{"taxonomy":"category","embeddable":true,"href":"https:\/\/elluchador.info\/index.php?rest_route=%2Fwp%2Fv2%2Fcategories&post=209470"},{"taxonomy":"post_tag","embeddable":true,"href":"https:\/\/elluchador.info\/index.php?rest_route=%2Fwp%2Fv2%2Ftags&post=209470"}],"curies":[{"name":"wp","href":"https:\/\/api.w.org\/{rel}","templated":true}]}}