{"id":209473,"date":"2022-05-04T11:48:49","date_gmt":"2022-05-04T15:48:49","guid":{"rendered":"https:\/\/elluchador.info\/web\/?p=209473"},"modified":"2022-05-04T11:48:49","modified_gmt":"2022-05-04T15:48:49","slug":"fanny-lu-anuncia-su-embarazo-y-revelo-el-genero-de-su-primer-bebe","status":"publish","type":"post","link":"https:\/\/elluchador.info\/?p=209473","title":{"rendered":"Fanny Lu anuncia su embarazo y revel\u00f3 el g\u00e9nero de su primer beb\u00e9"},"content":{"rendered":"<p>El pasado mes de febrero, la cantante y actriz colombiana Fanny Lu dio a conocer que se comprometi\u00f3 con el empresario Mario Berscia, tras siete a\u00f1os de relaci\u00f3n. En sus redes sociales, la cantante colombiana comparti\u00f3 su alegr\u00eda con una foto de su lujoso anillo de compromiso.<\/p>\n<p>Ahora dos meses despu\u00e9s, la int\u00e9rprete de \u00abT\u00fa no eres para m\u00ed\u00bb anunci\u00f3 que est\u00e1 en la espera de su primer beb\u00e9, del cual ya revel\u00f3 el g\u00e9nero.<\/p>\n<p>A trav\u00e9s de su cuenta oficial de Instagram, Fanny public\u00f3 una fotograf\u00eda del ultrasonido y escribi\u00f3: \u201c\u00a1Es una ni\u00f1a!\u201d, sorprendiendo a sus seguidores quienes le enviaron mensajes de felicitaci\u00f3n y buenos deseos.<\/p>\n<div>Con respecto a esta nueva etapa en su vida, la artista ya hab\u00eda confesado en entrevistas pasadas que ve\u00eda un tanto lejano su embarazo, debido a su apretada agenda de trabajo.<\/p>\n<p>Cabe mencionar que Fanny Lu est\u00e1 comprometida con el hijo del reconocido empresario Mario Augusto Brescia Cafferata, considerados la tercera familia m\u00e1s rica de Per\u00fa, ya que son due\u00f1os del Grupo Breca.<\/p><\/div>\n<div><\/div>\n<div><strong>El Universal<\/strong><\/div>\n","protected":false},"excerpt":{"rendered":"<p>El pasado mes de febrero, la cantante y actriz colombiana Fanny Lu dio a conocer que se comprometi\u00f3 con el empresario Mario Berscia, tras siete a\u00f1os de relaci\u00f3n. En sus redes sociales, la cantante colombiana comparti\u00f3 su alegr\u00eda con una foto de su lujoso anillo de compromiso. Ahora dos meses despu\u00e9s, la int\u00e9rprete de \u00abT\u00fa [&hellip;]<\/p>\n","protected":false},"author":2,"featured_media":209474,"comment_status":"closed","ping_status":"closed","sticky":false,"template":"","format":"standard","meta":{"footnotes":""},"categories":[7],"tags":[],"class_list":{"0":"post-209473","1":"post","2":"type-post","3":"status-publish","4":"format-standard","5":"has-post-thumbnail","7":"category-entretenimiento"},"_links":{"self":[{"href":"https:\/\/elluchador.info\/index.php?rest_route=\/wp\/v2\/posts\/209473","targetHints":{"allow":["GET"]}}],"collection":[{"href":"https:\/\/elluchador.info\/index.php?rest_route=\/wp\/v2\/posts"}],"about":[{"href":"https:\/\/elluchador.info\/index.php?rest_route=\/wp\/v2\/types\/post"}],"author":[{"embeddable":true,"href":"https:\/\/elluchador.info\/index.php?rest_route=\/wp\/v2\/users\/2"}],"replies":[{"embeddable":true,"href":"https:\/\/elluchador.info\/index.php?rest_route=%2Fwp%2Fv2%2Fcomments&post=209473"}],"version-history":[{"count":1,"href":"https:\/\/elluchador.info\/index.php?rest_route=\/wp\/v2\/posts\/209473\/revisions"}],"predecessor-version":[{"id":209475,"href":"https:\/\/elluchador.info\/index.php?rest_route=\/wp\/v2\/posts\/209473\/revisions\/209475"}],"wp:featuredmedia":[{"embeddable":true,"href":"https:\/\/elluchador.info\/index.php?rest_route=\/wp\/v2\/media\/209474"}],"wp:attachment":[{"href":"https:\/\/elluchador.info\/index.php?rest_route=%2Fwp%2Fv2%2Fmedia&parent=209473"}],"wp:term":[{"taxonomy":"category","embeddable":true,"href":"https:\/\/elluchador.info\/index.php?rest_route=%2Fwp%2Fv2%2Fcategories&post=209473"},{"taxonomy":"post_tag","embeddable":true,"href":"https:\/\/elluchador.info\/index.php?rest_route=%2Fwp%2Fv2%2Ftags&post=209473"}],"curies":[{"name":"wp","href":"https:\/\/api.w.org\/{rel}","templated":true}]}}