{"id":209683,"date":"2022-05-06T17:12:44","date_gmt":"2022-05-06T21:12:44","guid":{"rendered":"https:\/\/elluchador.info\/web\/?p=209683"},"modified":"2022-05-06T17:12:44","modified_gmt":"2022-05-06T21:12:44","slug":"venevision-rendira-homenaje-a-arquimedes-rivero","status":"publish","type":"post","link":"https:\/\/elluchador.info\/?p=209683","title":{"rendered":"Venevision rendir\u00e1 homenaje a Arqu\u00edmedes Rivero"},"content":{"rendered":"<p>Hoy, a partir de las 8:00 pm, Venevisi\u00f3n rememorar\u00e1 la brillante trayectoria de Arqu\u00edmedes Rivero, El Zar De Las Telenovelas, en el marco de un homenaje , a quien entreg\u00f3 su vida con gran tenacidad y pasi\u00f3n, al servicio de la radio y televisi\u00f3n de nuestro pa\u00eds. Bajo la conducci\u00f3n especial del actor y animador Antonio Delli.<\/p>\n<p>\u201cEs un merecido homenaje a este genio de las producciones dram\u00e1ticas, no solamente de Venezuela, porque estas telenovelas tuvieron su repercusi\u00f3n en Estados Unidos , Latinoam\u00e9rica y en el mundo, porque fueron dobladas y transmitidas en muchos pa\u00edses. Abordaremos la carrera de Arqu\u00edmedes Rivero desde sus comienzos, primeras labores en Cuba, hasta que sale de su pa\u00eds, y viene a Venezuela y empieza a realizar sus producciones, en la etapa en la que trabaj\u00f3 en Radio Caracas Televisi\u00f3n, con \u00e9xitos maravillosos como \u201cCristal\u201d, entre otras producciones. Y luego toda su trayectoria en Venevisi\u00f3n llena de logros, tambi\u00e9n era un hacedor de talentos de la televisi\u00f3n, ten\u00eda un ojo cl\u00ednico que hizo que descubriera a figuras que despu\u00e9s se convirtieron en grandes actores y actrices que cruzaron fronteras. As\u00ed que el programa es un tributo a El Zar de las Telenovelas, a su gran legado que dej\u00f3 para las pr\u00f3ximas generaciones\u201d, afirm\u00f3 Antonio Delli.<\/p>\n<p>&nbsp;<\/p>\n<p>Delli igualmente manifest\u00f3 su satisfacci\u00f3n, cuando recibi\u00f3 la llamada de Venevisi\u00f3n para conducir el espacio, \u201cimag\u00ednense el orgullo que sent\u00ed como actor, como un actor que ha trabajado tanto en Venevisi\u00f3n , que ha sido mi casa, que se han portado tan bien conmigo, brind\u00e1ndome tantas oportunidades en el g\u00e9nero de los dram\u00e1ticos, y precisamente que me hayan invitado para llevar este homenaje a la teleaudiencia, me llen\u00f3 de felicidad, emotividad\u201d, a lo que a\u00f1adi\u00f3, \u201cfue un d\u00eda de grabaci\u00f3n perfecto, con un equipo de profesionales, el decorado del set est\u00e1 hermoso, tambi\u00e9n el gui\u00f3n . Me siento muy honrado como actor venezolano de formar parte de este tributo, y de ser el conductor de este mundo de vivencias art\u00edsticas y profesionales de Arqu\u00edmedes Rivero y de tantos talentos que pasaron por sus telenovelas. Es un reconocimiento a uno de los hombres m\u00e1s importantes de la televisi\u00f3n venezolana e internacional, en cuanto al g\u00e9nero de dram\u00e1ticos. Tambi\u00e9n se destacar\u00e1 la etapa en la que se residenci\u00f3 en Miami, y su quehacer desde all\u00e1, es un concreto pero extenso viaje sobre toda su maravillosa trayectoria\u201d.<\/p>\n","protected":false},"excerpt":{"rendered":"<p>Hoy, a partir de las 8:00 pm, Venevisi\u00f3n rememorar\u00e1 la brillante trayectoria de Arqu\u00edmedes Rivero, El Zar De Las Telenovelas, en el marco de un homenaje , a quien entreg\u00f3 su vida con gran tenacidad y pasi\u00f3n, al servicio de la radio y televisi\u00f3n de nuestro pa\u00eds. Bajo la conducci\u00f3n especial del actor y animador [&hellip;]<\/p>\n","protected":false},"author":2,"featured_media":209684,"comment_status":"closed","ping_status":"closed","sticky":false,"template":"","format":"standard","meta":{"footnotes":""},"categories":[7],"tags":[],"class_list":{"0":"post-209683","1":"post","2":"type-post","3":"status-publish","4":"format-standard","5":"has-post-thumbnail","7":"category-entretenimiento"},"_links":{"self":[{"href":"https:\/\/elluchador.info\/index.php?rest_route=\/wp\/v2\/posts\/209683","targetHints":{"allow":["GET"]}}],"collection":[{"href":"https:\/\/elluchador.info\/index.php?rest_route=\/wp\/v2\/posts"}],"about":[{"href":"https:\/\/elluchador.info\/index.php?rest_route=\/wp\/v2\/types\/post"}],"author":[{"embeddable":true,"href":"https:\/\/elluchador.info\/index.php?rest_route=\/wp\/v2\/users\/2"}],"replies":[{"embeddable":true,"href":"https:\/\/elluchador.info\/index.php?rest_route=%2Fwp%2Fv2%2Fcomments&post=209683"}],"version-history":[{"count":1,"href":"https:\/\/elluchador.info\/index.php?rest_route=\/wp\/v2\/posts\/209683\/revisions"}],"predecessor-version":[{"id":209685,"href":"https:\/\/elluchador.info\/index.php?rest_route=\/wp\/v2\/posts\/209683\/revisions\/209685"}],"wp:featuredmedia":[{"embeddable":true,"href":"https:\/\/elluchador.info\/index.php?rest_route=\/wp\/v2\/media\/209684"}],"wp:attachment":[{"href":"https:\/\/elluchador.info\/index.php?rest_route=%2Fwp%2Fv2%2Fmedia&parent=209683"}],"wp:term":[{"taxonomy":"category","embeddable":true,"href":"https:\/\/elluchador.info\/index.php?rest_route=%2Fwp%2Fv2%2Fcategories&post=209683"},{"taxonomy":"post_tag","embeddable":true,"href":"https:\/\/elluchador.info\/index.php?rest_route=%2Fwp%2Fv2%2Ftags&post=209683"}],"curies":[{"name":"wp","href":"https:\/\/api.w.org\/{rel}","templated":true}]}}