{"id":209726,"date":"2022-05-07T11:15:41","date_gmt":"2022-05-07T15:15:41","guid":{"rendered":"https:\/\/elluchador.info\/web\/?p=209726"},"modified":"2022-05-07T11:15:41","modified_gmt":"2022-05-07T15:15:41","slug":"circulo-de-reporteros-graficos-de-ciudad-bolivar-celebro-sus-79-anos-aniversario","status":"publish","type":"post","link":"https:\/\/elluchador.info\/?p=209726","title":{"rendered":"C\u00edrculo de Reporteros Gr\u00e1ficos de Ciudad Bol\u00edvar celebro sus 79 a\u00f1os aniversario"},"content":{"rendered":"<p>Los profesionales del lente han venido durante muchos a\u00f1os teniendo que adaptarse a los cambios en la tecnolog\u00eda de sus herramientas de trabajo, desde que Henrique Avril, el primer reportero gr\u00e1fico de Venezuela, trabajara con placas, luego vino el negativo\u00a0 en blanco y negro,\u00a0 la pel\u00edcula a color y ya en los \u00faltimos veinte a\u00f1os la era digital, que continua con grandes mejoras y mejor calidad de las im\u00e1genes que para nada dejan a un lado la necesidad de un buen ojo, sentido de la oportunidad y olfato period\u00edstico que distingue y hace sobresalir algunos fotoperiodistas, quienes logran destacarse inclusive a nivel internacional.<\/p>\n<p>Para conmemorar su 79 aniversario, los reporteros gr\u00e1ficos comenzar\u00e1n sus actividades agradeciendo a Dios ante todo, con una misa pautada a las 7:00 am, a cargo del padre Antonio Valladares en la Catedral de Ciudad Bol\u00edvar, a la actividad asisti\u00f3 los miembros de la Junta directiva de la seccional Ciudad Bol\u00edvar, presidida por Jos\u00e9 Magallanes Secretario General, Armando Caicedo Secretario de Organizaci\u00f3n, Maurico Torres Secretario de Finanzas, Rosendo Magallanes Jr. Secretario de Relaciones y Mejoramiento Profesional, Daniel Pronio Secretario de Actas y Correspondencias, acompa\u00f1ados de los reporteros Jorge P\u00e9rez y Rafael Contreras.<\/p>\n<p>El Secretario General Jos\u00e9 Magallanes, envi\u00f3 las felicitaciones a todos los reporteros gr\u00e1ficos del pa\u00eds y el especial a los agremiados de Ciudad Bol\u00edvar, quienes durante a\u00f1os salen a captar las im\u00e1genes para llevar las noticias a las personas d\u00eda a d\u00eda.<\/p>\n<p>Por a\u00f1os nuestros colegas reporteros gr\u00e1ficos Reinaldo Maya, Roberto Rojas, Ana Marchese, Flor Mujica, Nelson P\u00e9rez, Nubia Reina, Adri\u00e1n Magallanes, Junior Magallanes, Armando Caicedo, Jorge P\u00e9rez, Noel Gonz\u00e1lez, Rafael Contreras, Otoniel Magallanes, Jennifer Galindo, Libio Quintero, Armando Rivas, Mauricio Torres, Yolanda S\u00e1nchez.<\/p>\n<p>As\u00ed como Edgar Monroe, Zulay Al\u00ed, Isleny Al\u00ed, Shiley Al\u00ed, Luis Duarte, Elizabeth Magallanes, Miguel Baudin, Marvin Castellin, Luis Castro, Libio Quintero, Andr\u00e9s Itriago, Trina Marichales, Jorge Galindo, Ismael Cede\u00f1o, Kelvin Cordero, Oxford Madrid, Armando Rivas, Leonel Medina, Alfredo Perez, Clement D\u00edas, Daniel Pronio, Otoniel Magallanes, entre otros, han realizado un excelente trabajo Fotoperiodistico en tiempos buenos y malos, sin importar el color ni raza social, siempre con el profesionalismo del buen reportero gr\u00e1fico.<\/p>\n<p><strong>Alianza con Fundaci\u00f3n LALA<\/strong><\/p>\n<p>Magallanes, aprovech\u00f3 la oportunidad de dirigirse a los agremiados para que se integren a las actividades, tanto de mejoramiento profesional como deportivas, culturales y sociales, \u201cQue se sumen estamos en la b\u00fasqueda de la profesionalizaci\u00f3n, vienen grandes y buenas cosas para el gremio, y desde ac\u00e1 en Ciudad Bol\u00edvar, nos reunimos la directiva en compa\u00f1\u00eda de agremiados con la Presidente de la Fundaci\u00f3n Lala de Ciudad Bol\u00edvar, Licda. Victoria Vergara all\u00ed tuvimos una agradable reuni\u00f3n para establecer una alianza entre el gremio y la Fundaci\u00f3n para mejorar y ayudar en los agremiados en cuanto a la atenci\u00f3n de salud, manifest\u00f3 finalizar que est\u00e1n trabajando para el beneficio de todo el gremio.<\/p>\n<p>El C\u00edrculo de Reporteros Gr\u00e1ficos de Venezuela es reconocido por el Colegio Nacional de Periodistas, Instituto de Previsi\u00f3n Social del Periodista, Sindicado Nacional de Trabajadores de la Prensa y Sindicato Profesional de Trabajadores de Radio, Cine y Televisi\u00f3n, La Federaci\u00f3n Internacional de Prensa entre otros organismos internacionales.<\/p>\n<p><strong>Prensa CRGVCB.<\/strong><\/p>\n","protected":false},"excerpt":{"rendered":"<p>Los profesionales del lente han venido durante muchos a\u00f1os teniendo que adaptarse a los cambios en la tecnolog\u00eda de sus herramientas de trabajo, desde que Henrique Avril, el primer reportero gr\u00e1fico de Venezuela, trabajara con placas, luego vino el negativo\u00a0 en blanco y negro,\u00a0 la pel\u00edcula a color y ya en los \u00faltimos veinte a\u00f1os [&hellip;]<\/p>\n","protected":false},"author":2,"featured_media":209730,"comment_status":"closed","ping_status":"closed","sticky":false,"template":"","format":"standard","meta":{"footnotes":""},"categories":[5,12],"tags":[],"class_list":{"0":"post-209726","1":"post","2":"type-post","3":"status-publish","4":"format-standard","5":"has-post-thumbnail","7":"category-destacado","8":"category-regionales"},"_links":{"self":[{"href":"https:\/\/elluchador.info\/index.php?rest_route=\/wp\/v2\/posts\/209726","targetHints":{"allow":["GET"]}}],"collection":[{"href":"https:\/\/elluchador.info\/index.php?rest_route=\/wp\/v2\/posts"}],"about":[{"href":"https:\/\/elluchador.info\/index.php?rest_route=\/wp\/v2\/types\/post"}],"author":[{"embeddable":true,"href":"https:\/\/elluchador.info\/index.php?rest_route=\/wp\/v2\/users\/2"}],"replies":[{"embeddable":true,"href":"https:\/\/elluchador.info\/index.php?rest_route=%2Fwp%2Fv2%2Fcomments&post=209726"}],"version-history":[{"count":1,"href":"https:\/\/elluchador.info\/index.php?rest_route=\/wp\/v2\/posts\/209726\/revisions"}],"predecessor-version":[{"id":209733,"href":"https:\/\/elluchador.info\/index.php?rest_route=\/wp\/v2\/posts\/209726\/revisions\/209733"}],"wp:featuredmedia":[{"embeddable":true,"href":"https:\/\/elluchador.info\/index.php?rest_route=\/wp\/v2\/media\/209730"}],"wp:attachment":[{"href":"https:\/\/elluchador.info\/index.php?rest_route=%2Fwp%2Fv2%2Fmedia&parent=209726"}],"wp:term":[{"taxonomy":"category","embeddable":true,"href":"https:\/\/elluchador.info\/index.php?rest_route=%2Fwp%2Fv2%2Fcategories&post=209726"},{"taxonomy":"post_tag","embeddable":true,"href":"https:\/\/elluchador.info\/index.php?rest_route=%2Fwp%2Fv2%2Ftags&post=209726"}],"curies":[{"name":"wp","href":"https:\/\/api.w.org\/{rel}","templated":true}]}}