{"id":209734,"date":"2022-05-07T11:25:59","date_gmt":"2022-05-07T15:25:59","guid":{"rendered":"https:\/\/elluchador.info\/web\/?p=209734"},"modified":"2022-05-07T11:25:59","modified_gmt":"2022-05-07T15:25:59","slug":"selecciones-de-voleibol-bolivar-listos-para-1ra-avanzada-nacional","status":"publish","type":"post","link":"https:\/\/elluchador.info\/?p=209734","title":{"rendered":"Selecciones de Voleibol Bol\u00edvar listos para 1ra avanzada nacional"},"content":{"rendered":"<p>Las selecciones de voleibol masculina y femenina representar\u00e1n al estado Bol\u00edvar en la primera avanzada\u00a0nacional, que se realizar\u00e1 en el\u00a0estado\u00a0de Yaracuy.<\/p>\n<p>Cada equipo estar\u00e1 conformado por 12 atletas y 4 de cuerpo t\u00e9cnico.<\/p>\n<p>La delegaci\u00f3n viajar\u00e1 a primera hora la ma\u00f1ana v\u00eda terrestre hasta el estado llanero y se estima que lleguen el domingo.<\/p>\n<p>Freddy Cede\u00f1o, presidente de la Asociaci\u00f3n de Voleibol del estado Bol\u00edvar, dio a conocer que para este evento cuentan \u00fanicamente con el apoyo del Instituto de Deportes del estado Bol\u00edvar y la gobernaci\u00f3n del estado para el traslado de las selecciones de voleibol.<\/p>\n<p>Tambi\u00e9n anim\u00f3 a la empresa privada a apoyar el impulso de esta disciplina.<\/p>\n<p>Adem\u00e1s, inform\u00f3 sobre el calendario de los pr\u00f3ximos torneos que se realizar\u00e1n durante este a\u00f1o 2022.<\/p>\n<p>El siguiente torneo ser\u00e1 en el mes de junio del 22 al 29 de la selecci\u00f3n sub 21, seguido en el mes de agosto y septiembre de 12 a 19 y de 2 al 10, respectivamente de la categor\u00eda sub 17.<\/p>\n<p>No solo el voleibol de pista arrancar\u00e1, sino tambi\u00e9n el de playa en las categor\u00edas sub 15 y sub 17.<\/p>\n<p><strong>SNPD.<\/strong><\/p>\n","protected":false},"excerpt":{"rendered":"<p>Las selecciones de voleibol masculina y femenina representar\u00e1n al estado Bol\u00edvar en la primera avanzada\u00a0nacional, que se realizar\u00e1 en el\u00a0estado\u00a0de Yaracuy. Cada equipo estar\u00e1 conformado por 12 atletas y 4 de cuerpo t\u00e9cnico. La delegaci\u00f3n viajar\u00e1 a primera hora la ma\u00f1ana v\u00eda terrestre hasta el estado llanero y se estima que lleguen el domingo. Freddy [&hellip;]<\/p>\n","protected":false},"author":2,"featured_media":209738,"comment_status":"closed","ping_status":"closed","sticky":false,"template":"","format":"standard","meta":{"footnotes":""},"categories":[4,5],"tags":[],"class_list":{"0":"post-209734","1":"post","2":"type-post","3":"status-publish","4":"format-standard","5":"has-post-thumbnail","7":"category-deportes","8":"category-destacado"},"_links":{"self":[{"href":"https:\/\/elluchador.info\/index.php?rest_route=\/wp\/v2\/posts\/209734","targetHints":{"allow":["GET"]}}],"collection":[{"href":"https:\/\/elluchador.info\/index.php?rest_route=\/wp\/v2\/posts"}],"about":[{"href":"https:\/\/elluchador.info\/index.php?rest_route=\/wp\/v2\/types\/post"}],"author":[{"embeddable":true,"href":"https:\/\/elluchador.info\/index.php?rest_route=\/wp\/v2\/users\/2"}],"replies":[{"embeddable":true,"href":"https:\/\/elluchador.info\/index.php?rest_route=%2Fwp%2Fv2%2Fcomments&post=209734"}],"version-history":[{"count":1,"href":"https:\/\/elluchador.info\/index.php?rest_route=\/wp\/v2\/posts\/209734\/revisions"}],"predecessor-version":[{"id":209739,"href":"https:\/\/elluchador.info\/index.php?rest_route=\/wp\/v2\/posts\/209734\/revisions\/209739"}],"wp:featuredmedia":[{"embeddable":true,"href":"https:\/\/elluchador.info\/index.php?rest_route=\/wp\/v2\/media\/209738"}],"wp:attachment":[{"href":"https:\/\/elluchador.info\/index.php?rest_route=%2Fwp%2Fv2%2Fmedia&parent=209734"}],"wp:term":[{"taxonomy":"category","embeddable":true,"href":"https:\/\/elluchador.info\/index.php?rest_route=%2Fwp%2Fv2%2Fcategories&post=209734"},{"taxonomy":"post_tag","embeddable":true,"href":"https:\/\/elluchador.info\/index.php?rest_route=%2Fwp%2Fv2%2Ftags&post=209734"}],"curies":[{"name":"wp","href":"https:\/\/api.w.org\/{rel}","templated":true}]}}