{"id":209891,"date":"2022-05-09T09:55:50","date_gmt":"2022-05-09T13:55:50","guid":{"rendered":"https:\/\/elluchador.info\/web\/?p=209891"},"modified":"2022-05-09T09:55:50","modified_gmt":"2022-05-09T13:55:50","slug":"el-manteco-vibro-con-una-nueva-edicion-de-asi-canta","status":"publish","type":"post","link":"https:\/\/elluchador.info\/?p=209891","title":{"rendered":"El Manteco vibr\u00f3 con una nueva edici\u00f3n de \u201cAs\u00ed Canta\u201d"},"content":{"rendered":"<p>En una competencia muy re\u00f1ida y por dos categor\u00edas distintas, m\u00e1s de 20 ni\u00f1os, j\u00f3venes y adultos\u00a0 de El Manteco \u00a0participaron en la 11 edici\u00f3n del concurso As\u00ed Se Canta, el cual se llev\u00f3 a cabo en las instalaciones del Club Los Negros de la localidad donde cada uno de los talentos dieron lo mejor de s\u00ed.<\/p>\n<p>El evento dio inicio con un opening a cargo de danzas,\u00a0 estuvo animado por el locutor Eduardo Canelones, quien tuvo la responsabilidad de mencionar a cada uno de los participantes en cada una de sus categor\u00edas.<\/p>\n<p>El imponente jurado que gala tras gala llega con m\u00e1s exigencia, y eligi\u00f3 a quienes con su voz cautivaron al p\u00fablico. Las im\u00e1genes fueron captadas por el camar\u00f3grafo Dylan Aray.<\/p>\n<p>Este concurso de canto es organizado por Mariana Canelonez, ex participante de Talentum de S\u00e1bado Sensacional, nativa de Puerto Ordaz y quien cre\u00f3 esta iniciativa con la finalidad de promover los talentos de diversas partes del pa\u00eds.<\/p>\n<p>Canelonez, organizadora del evento, \u00a0agradeci\u00f3 el apoyo a todos los comerciantes de la poblaci\u00f3n de El Manteco, quienes no duraron en brindar apoyo a este importante evento \u201cestoy muy agradecida con todo el pueblo, gracias a ellos el evento se realiz\u00f3 con \u00e9xito, esto es muestra que lo que viene es bueno,y muy complacida con todos los que hicieron posible este gran show\u201d.<\/p>\n<h4>\u201ctenemos mucho talento en la zona, seguiremos trabajando para proyectar a nuestros j\u00f3venes y ni\u00f1os, estamos desde ya organiz\u00e1ndonos para hacer otros eventos nacionales\u201d.<\/p>\n<p><strong>Los ganadores<\/strong><\/h4>\n<p>En la primera categor\u00eda \u00a0result\u00f3 Oriangelis Santana, Seguida de Adri\u00e1n Jos\u00e9 y En el tercer lugar Fabi\u00e1n Gourmet.<\/p>\n<p>En la juvenil triunfaron Isabella Brisco, de segundo Josu\u00e9 Palmare y Jhoandris Bravo \u00a0obtuvo el tercer lugar.<\/p>\n<p>En la tercera categor\u00eda, Alejandra Moreno, seguida de Valentina Rend\u00f3n; Johandris Cacique, obtuvo el tercer lugar de la competencia.<\/p>\n<p>En la \u00faltima Categor\u00eda, se posicion\u00f3 Oliannys Martinez, RICHARD Hotman, y el tercer lugar recay\u00f3 sobre Lucy L\u00f3pez.<\/p>\n<p>El Manteco se mostr\u00f3 agradecido con este gran evento, aplaudiendo la labor que ha venido realizando la presidenta de la organizaci\u00f3n por todo el pa\u00eds, en esta oportunidad por abrir las puertas de As\u00ed Se Canta para que los j\u00f3venes de la zona demostraran su talento en una sana competencia donde el jurado observ\u00f3 y calific\u00f3 a los m\u00e1s fuertes.<\/p>\n<p><b>Prensa As\u00ed Se Canta<\/b><\/p>\n","protected":false},"excerpt":{"rendered":"<p>En una competencia muy re\u00f1ida y por dos categor\u00edas distintas, m\u00e1s de 20 ni\u00f1os, j\u00f3venes y adultos\u00a0 de El Manteco \u00a0participaron en la 11 edici\u00f3n del concurso As\u00ed Se Canta, el cual se llev\u00f3 a cabo en las instalaciones del Club Los Negros de la localidad donde cada uno de los talentos dieron lo mejor [&hellip;]<\/p>\n","protected":false},"author":2,"featured_media":209893,"comment_status":"closed","ping_status":"closed","sticky":false,"template":"","format":"standard","meta":{"footnotes":""},"categories":[7],"tags":[],"class_list":{"0":"post-209891","1":"post","2":"type-post","3":"status-publish","4":"format-standard","5":"has-post-thumbnail","7":"category-entretenimiento"},"_links":{"self":[{"href":"https:\/\/elluchador.info\/index.php?rest_route=\/wp\/v2\/posts\/209891","targetHints":{"allow":["GET"]}}],"collection":[{"href":"https:\/\/elluchador.info\/index.php?rest_route=\/wp\/v2\/posts"}],"about":[{"href":"https:\/\/elluchador.info\/index.php?rest_route=\/wp\/v2\/types\/post"}],"author":[{"embeddable":true,"href":"https:\/\/elluchador.info\/index.php?rest_route=\/wp\/v2\/users\/2"}],"replies":[{"embeddable":true,"href":"https:\/\/elluchador.info\/index.php?rest_route=%2Fwp%2Fv2%2Fcomments&post=209891"}],"version-history":[{"count":1,"href":"https:\/\/elluchador.info\/index.php?rest_route=\/wp\/v2\/posts\/209891\/revisions"}],"predecessor-version":[{"id":209895,"href":"https:\/\/elluchador.info\/index.php?rest_route=\/wp\/v2\/posts\/209891\/revisions\/209895"}],"wp:featuredmedia":[{"embeddable":true,"href":"https:\/\/elluchador.info\/index.php?rest_route=\/wp\/v2\/media\/209893"}],"wp:attachment":[{"href":"https:\/\/elluchador.info\/index.php?rest_route=%2Fwp%2Fv2%2Fmedia&parent=209891"}],"wp:term":[{"taxonomy":"category","embeddable":true,"href":"https:\/\/elluchador.info\/index.php?rest_route=%2Fwp%2Fv2%2Fcategories&post=209891"},{"taxonomy":"post_tag","embeddable":true,"href":"https:\/\/elluchador.info\/index.php?rest_route=%2Fwp%2Fv2%2Ftags&post=209891"}],"curies":[{"name":"wp","href":"https:\/\/api.w.org\/{rel}","templated":true}]}}