{"id":209929,"date":"2022-05-09T12:48:23","date_gmt":"2022-05-09T16:48:23","guid":{"rendered":"https:\/\/elluchador.info\/web\/?p=209929"},"modified":"2022-05-09T12:48:23","modified_gmt":"2022-05-09T16:48:23","slug":"el-interes-por-trabajar-en-twitter-crecio-desde-que-elon-musk-compro-la-app","status":"publish","type":"post","link":"https:\/\/elluchador.info\/?p=209929","title":{"rendered":"El inter\u00e9s por trabajar en Twitter creci\u00f3 desde que Elon Musk compr\u00f3 la app"},"content":{"rendered":"<p>Desde que el empresario Elon Musk adquiri\u00f3 la red social Twitter, el pasado lunes 25 de abril, el inter\u00e9s por trabajar en la plataforma creci\u00f3 m\u00e1s de 250%, seg\u00fan consign\u00f3 un art\u00edculo de la revista\u00a0<a href=\"https:\/\/fortune.com\/\" target=\"_blank\" rel=\"noopener noreferrer\"><em>Fortune<\/em><\/a>. No obstante, desde la publicaci\u00f3n especializada en econom\u00eda tambi\u00e9n advirtieron que los empleados actuales est\u00e1n \u00abnerviosos\u00bb con la llegada del multimillonario.<\/p>\n<p>\u00abMientras que innumerables fans de Musk, y una ligera mayor\u00eda de estadounidenses -el 59%- aprueban la adquisici\u00f3n, seg\u00fan datos recientes de The Harris Poll, a algunos empleados actuales de Twitter les preocupa que cambie dr\u00e1sticamente la cultura y la direcci\u00f3n general de la empresa\u00bb, sostiene la nota del periodista Colin Lodewick.<\/p>\n<p><img loading=\"lazy\" decoding=\"async\" class=\"alignnone wp-image-854670 size-full ls-is-cached lazyloaded\" src=\"https:\/\/cdn.elnacional.com\/wp-content\/uploads\/2022\/05\/01-1.jpg\" sizes=\"auto, (max-width: 631px) 100vw, 631px\" srcset=\"https:\/\/cdn.elnacional.com\/wp-content\/uploads\/2022\/05\/01-1.jpg 631w, https:\/\/cdn.elnacional.com\/wp-content\/uploads\/2022\/05\/01-1-252x300.jpg 252w, https:\/\/cdn.elnacional.com\/wp-content\/uploads\/2022\/05\/01-1-352x420.jpg 352w\" alt=\"Twitter\" width=\"631\" height=\"752\" data-src=\"https:\/\/cdn.elnacional.com\/wp-content\/uploads\/2022\/05\/01-1.jpg\" data-srcset=\"https:\/\/cdn.elnacional.com\/wp-content\/uploads\/2022\/05\/01-1.jpg 631w, https:\/\/cdn.elnacional.com\/wp-content\/uploads\/2022\/05\/01-1-252x300.jpg 252w, https:\/\/cdn.elnacional.com\/wp-content\/uploads\/2022\/05\/01-1-352x420.jpg 352w\" data-sizes=\"(max-width: 631px) 100vw, 631px\" \/><\/p>\n<p>El art\u00edculo de\u00a0<em>Fortune<\/em>\u00a0fue difundido a trav\u00e9s de las redes sociales y trajo cierta controversia, por lo que el propio Musk se encarg\u00f3 a aclarar algunos puntos a trav\u00e9s de su cuenta de Twitter personal. El flamante titular de la plataforma explic\u00f3 cu\u00e1l es su visi\u00f3n de la red social y adem\u00e1s dio una idea de lo que pueden esperar los empleados bajo su liderazgo.<\/p>\n<p>\u00abSi se completa la adquisici\u00f3n de Twitter, la empresa estar\u00e1 s\u00faper centrada en la ingenier\u00eda de software hardcore, el dise\u00f1o, la infoseguridad y el hardware de servidor\u00bb, escribi\u00f3 el titular de SpaceX y Tesla.<\/p>\n<p><img loading=\"lazy\" decoding=\"async\" class=\"alignnone wp-image-854673 size-full ls-is-cached lazyloaded\" src=\"https:\/\/cdn.elnacional.com\/wp-content\/uploads\/2022\/05\/02-2.jpg\" sizes=\"auto, (max-width: 880px) 100vw, 880px\" srcset=\"https:\/\/cdn.elnacional.com\/wp-content\/uploads\/2022\/05\/02-2.jpg 880w, https:\/\/cdn.elnacional.com\/wp-content\/uploads\/2022\/05\/02-2-300x210.jpg 300w, https:\/\/cdn.elnacional.com\/wp-content\/uploads\/2022\/05\/02-2-768x537.jpg 768w, https:\/\/cdn.elnacional.com\/wp-content\/uploads\/2022\/05\/02-2-100x70.jpg 100w, https:\/\/cdn.elnacional.com\/wp-content\/uploads\/2022\/05\/02-2-200x140.jpg 200w, https:\/\/cdn.elnacional.com\/wp-content\/uploads\/2022\/05\/02-2-696x486.jpg 696w, https:\/\/cdn.elnacional.com\/wp-content\/uploads\/2022\/05\/02-2-601x420.jpg 601w\" alt=\"Twitter\" width=\"880\" height=\"615\" data-src=\"https:\/\/cdn.elnacional.com\/wp-content\/uploads\/2022\/05\/02-2.jpg\" data-srcset=\"https:\/\/cdn.elnacional.com\/wp-content\/uploads\/2022\/05\/02-2.jpg 880w, https:\/\/cdn.elnacional.com\/wp-content\/uploads\/2022\/05\/02-2-300x210.jpg 300w, https:\/\/cdn.elnacional.com\/wp-content\/uploads\/2022\/05\/02-2-768x537.jpg 768w, https:\/\/cdn.elnacional.com\/wp-content\/uploads\/2022\/05\/02-2-100x70.jpg 100w, https:\/\/cdn.elnacional.com\/wp-content\/uploads\/2022\/05\/02-2-200x140.jpg 200w, https:\/\/cdn.elnacional.com\/wp-content\/uploads\/2022\/05\/02-2-696x486.jpg 696w, https:\/\/cdn.elnacional.com\/wp-content\/uploads\/2022\/05\/02-2-601x420.jpg 601w\" data-sizes=\"(max-width: 880px) 100vw, 880px\" \/><\/p>\n<p>Musk remarc\u00f3 que cree \u00abfirmemente\u00bb que todos los gerentes en un \u00e1rea t\u00e9cnica deben ser \u00abt\u00e9cnicamente excelentes\u00bb. Y grafic\u00f3 el concepto: \u00ab\u00a1Los gerentes de software deben escribir un gran software o es como ser un capit\u00e1n de caballer\u00eda que no puede montar a caballo!\u00bb, sostuvo.<\/p>\n<p>Por \u00faltimo, habl\u00f3 de c\u00f3mo ser\u00e1 \u00e9tica laboral durante su gesti\u00f3n e hizo una advertencia. \u00abAdem\u00e1s, las expectativas de \u00e9tica laboral ser\u00edan extremas, pero mucho menos de lo que me exijo a m\u00ed mismo\u00bb, aclar\u00f3 el multimillonario nacido en Sur\u00e1frica.<\/p>\n<p><img loading=\"lazy\" decoding=\"async\" class=\"alignnone wp-image-854675 size-full ls-is-cached lazyloaded\" src=\"https:\/\/cdn.elnacional.com\/wp-content\/uploads\/2022\/05\/03.jpg\" sizes=\"auto, (max-width: 877px) 100vw, 877px\" srcset=\"https:\/\/cdn.elnacional.com\/wp-content\/uploads\/2022\/05\/03.jpg 877w, https:\/\/cdn.elnacional.com\/wp-content\/uploads\/2022\/05\/03-300x122.jpg 300w, https:\/\/cdn.elnacional.com\/wp-content\/uploads\/2022\/05\/03-768x313.jpg 768w, https:\/\/cdn.elnacional.com\/wp-content\/uploads\/2022\/05\/03-696x283.jpg 696w\" alt=\"Twitter\" width=\"877\" height=\"357\" data-src=\"https:\/\/cdn.elnacional.com\/wp-content\/uploads\/2022\/05\/03.jpg\" data-srcset=\"https:\/\/cdn.elnacional.com\/wp-content\/uploads\/2022\/05\/03.jpg 877w, https:\/\/cdn.elnacional.com\/wp-content\/uploads\/2022\/05\/03-300x122.jpg 300w, https:\/\/cdn.elnacional.com\/wp-content\/uploads\/2022\/05\/03-768x313.jpg 768w, https:\/\/cdn.elnacional.com\/wp-content\/uploads\/2022\/05\/03-696x283.jpg 696w\" data-sizes=\"(max-width: 877px) 100vw, 877px\" \/><\/p>\n<h2>\u00bfC\u00f3mo hizo Elon Musk para quedarse con Twitter?<\/h2>\n<p>Elon Musk empez\u00f3 a comprar acciones de Twitter en enero de este a\u00f1o y lleg\u00f3 a tener una participaci\u00f3n de 5% en la empresa el 14 de marzo. Sin embargo, el 14 de abril anunci\u00f3 por primera vez su intenci\u00f3n de adquirir la red social.<\/p>\n<p>Ofreci\u00f3 54,20 d\u00f3lares por acci\u00f3n, y aunque en un principio la idea no fue vista con buenos ojos por parte del Consejo de Administraci\u00f3n,\u00a0en dos semanas cerr\u00f3 con \u00e9xito un acuerdo para quedarse con Twitter por 44.000 millones de d\u00f3lares.<\/p>\n<p>\u00abLa libertad de expresi\u00f3n es la base de una democracia que funciona, y Twitter es la plaza digital donde se debaten asuntos vitales para el futuro de la humanidad\u00bb, dijo el empresario de 50 a\u00f1os el d\u00eda que se conoci\u00f3 la noticia de su avance en las negociaciones con la red social. Y remarc\u00f3 su intenci\u00f3n es que la plataforma \u00absea mejor que nunca\u00bb.<\/p>\n<p>\u00abTambi\u00e9n quiero hacer que Twitter sea mejor que nunca, mejorando el producto con nuevas funciones, haciendo que los algoritmos sean de c\u00f3digo abierto para aumentar la confianza, derrotando a los bots de spam y autentificando a todos los humanos\u00bb, precis\u00f3 el multimillonario. \u00abTwitter tiene un enorme potencial: estoy deseando trabajar con la empresa y la comunidad de usuarios para desbloquearlo\u00bb, agreg\u00f3.<\/p>\n<p><strong>El Nacional<\/strong><\/p>\n","protected":false},"excerpt":{"rendered":"<p>Desde que el empresario Elon Musk adquiri\u00f3 la red social Twitter, el pasado lunes 25 de abril, el inter\u00e9s por trabajar en la plataforma creci\u00f3 m\u00e1s de 250%, seg\u00fan consign\u00f3 un art\u00edculo de la revista\u00a0Fortune. No obstante, desde la publicaci\u00f3n especializada en econom\u00eda tambi\u00e9n advirtieron que los empleados actuales est\u00e1n \u00abnerviosos\u00bb con la llegada del [&hellip;]<\/p>\n","protected":false},"author":2,"featured_media":209930,"comment_status":"closed","ping_status":"closed","sticky":false,"template":"","format":"standard","meta":{"footnotes":""},"categories":[5,14],"tags":[],"class_list":{"0":"post-209929","1":"post","2":"type-post","3":"status-publish","4":"format-standard","5":"has-post-thumbnail","7":"category-destacado","8":"category-tecnologia"},"_links":{"self":[{"href":"https:\/\/elluchador.info\/index.php?rest_route=\/wp\/v2\/posts\/209929","targetHints":{"allow":["GET"]}}],"collection":[{"href":"https:\/\/elluchador.info\/index.php?rest_route=\/wp\/v2\/posts"}],"about":[{"href":"https:\/\/elluchador.info\/index.php?rest_route=\/wp\/v2\/types\/post"}],"author":[{"embeddable":true,"href":"https:\/\/elluchador.info\/index.php?rest_route=\/wp\/v2\/users\/2"}],"replies":[{"embeddable":true,"href":"https:\/\/elluchador.info\/index.php?rest_route=%2Fwp%2Fv2%2Fcomments&post=209929"}],"version-history":[{"count":1,"href":"https:\/\/elluchador.info\/index.php?rest_route=\/wp\/v2\/posts\/209929\/revisions"}],"predecessor-version":[{"id":209931,"href":"https:\/\/elluchador.info\/index.php?rest_route=\/wp\/v2\/posts\/209929\/revisions\/209931"}],"wp:featuredmedia":[{"embeddable":true,"href":"https:\/\/elluchador.info\/index.php?rest_route=\/wp\/v2\/media\/209930"}],"wp:attachment":[{"href":"https:\/\/elluchador.info\/index.php?rest_route=%2Fwp%2Fv2%2Fmedia&parent=209929"}],"wp:term":[{"taxonomy":"category","embeddable":true,"href":"https:\/\/elluchador.info\/index.php?rest_route=%2Fwp%2Fv2%2Fcategories&post=209929"},{"taxonomy":"post_tag","embeddable":true,"href":"https:\/\/elluchador.info\/index.php?rest_route=%2Fwp%2Fv2%2Ftags&post=209929"}],"curies":[{"name":"wp","href":"https:\/\/api.w.org\/{rel}","templated":true}]}}