{"id":209938,"date":"2022-05-09T13:00:47","date_gmt":"2022-05-09T17:00:47","guid":{"rendered":"https:\/\/elluchador.info\/web\/?p=209938"},"modified":"2022-05-09T13:00:47","modified_gmt":"2022-05-09T17:00:47","slug":"en-la-sede-del-archivo-historico-de-guayana-en-ciudad-bolivar-se-realizaron-las-charlas-cronicas-urbanas-semblanzas-del-terruno","status":"publish","type":"post","link":"https:\/\/elluchador.info\/?p=209938","title":{"rendered":"En la sede del archivo Hist\u00f3rico de Guayana en Ciudad Bol\u00edvar, se realizaron las charlas \u201cCr\u00f3nicas Urbanas, Semblanzas del Terru\u00f1o\u201d"},"content":{"rendered":"<p>En la sede del Archivo Hist\u00f3rico de Guayana, adscrito a la Direcci\u00f3n de Fortalecimiento del Conocimiento y Ra\u00edces Culturales, de la Secretar\u00eda de Cultura, ubicado en la Casa del Congreso de Angostura, se realiz\u00f3 una Charla sobre la importancia de las Cr\u00f3nicas Urbanas y su v\u00ednculo e identidad de las personas con su sector de nacimiento, el llamado terru\u00f1o o patria chica.<\/p>\n<p>El evento fue programado y convocado por el responsable del Archivo Hist\u00f3rico de Guayana, Dr. Juan Francisco Garc\u00eda y la charla estuvo a cargo del economista, poeta y escritor en el rengl\u00f3n de Cr\u00f3nicas Urbanas, licenciado Jos\u00e9 Luis Alcocer.<\/p>\n<p>El facilitador Jos\u00e9 Luis Alcocer expuso que \u00abel objetivo de las cr\u00f3nicas es darle voz a los que no la tienen, y registrar y exaltar un hecho, personaje o paisaje que siempre estuvo all\u00ed, pero que nadie se hab\u00eda percatado de su existencia; por lo tanto, se convierte en novedoso\u00bb.<\/p>\n<p>Alcocer, quien se ha destacado por sus escritos referidos al emblem\u00e1tico sector de Negro Primero en Ciudad Bol\u00edvar, adem\u00e1s agreg\u00f3 que \u00ablas cr\u00f3nicas influyen en la formaci\u00f3n de la identidad social urbana, es decir, la identidad constituida en la relaci\u00f3n que tienen las personas con los espacios de las ciudades donde nacieron, crecieron y se formaron\u00bb.<\/p>\n<p>Por su parte, el Doctor Juan Francisco Garc\u00eda argument\u00f3 que la memoria es imprescindible para la existencia del ser \u201cQuien no conoce su pasado, no existe\u201d.<\/p>\n<figure id=\"attachment_209934\" aria-describedby=\"caption-attachment-209934\" style=\"width: 1040px\" class=\"wp-caption alignnone\"><img loading=\"lazy\" decoding=\"async\" class=\"size-full wp-image-209934\" src=\"https:\/\/elluchador.info\/web\/wp-content\/uploads\/2022\/05\/07934d91-55fe-4636-b52f-ea01ddbdae3c.jpg\" alt=\"\" width=\"1040\" height=\"780\" srcset=\"https:\/\/elluchador.info\/wp-content\/uploads\/2022\/05\/07934d91-55fe-4636-b52f-ea01ddbdae3c.jpg 1040w, https:\/\/elluchador.info\/wp-content\/uploads\/2022\/05\/07934d91-55fe-4636-b52f-ea01ddbdae3c-300x225.jpg 300w, https:\/\/elluchador.info\/wp-content\/uploads\/2022\/05\/07934d91-55fe-4636-b52f-ea01ddbdae3c-1024x768.jpg 1024w, https:\/\/elluchador.info\/wp-content\/uploads\/2022\/05\/07934d91-55fe-4636-b52f-ea01ddbdae3c-768x576.jpg 768w, https:\/\/elluchador.info\/wp-content\/uploads\/2022\/05\/07934d91-55fe-4636-b52f-ea01ddbdae3c-560x420.jpg 560w, https:\/\/elluchador.info\/wp-content\/uploads\/2022\/05\/07934d91-55fe-4636-b52f-ea01ddbdae3c-80x60.jpg 80w, https:\/\/elluchador.info\/wp-content\/uploads\/2022\/05\/07934d91-55fe-4636-b52f-ea01ddbdae3c-100x75.jpg 100w, https:\/\/elluchador.info\/wp-content\/uploads\/2022\/05\/07934d91-55fe-4636-b52f-ea01ddbdae3c-180x135.jpg 180w, https:\/\/elluchador.info\/wp-content\/uploads\/2022\/05\/07934d91-55fe-4636-b52f-ea01ddbdae3c-238x178.jpg 238w, https:\/\/elluchador.info\/wp-content\/uploads\/2022\/05\/07934d91-55fe-4636-b52f-ea01ddbdae3c-640x480.jpg 640w, https:\/\/elluchador.info\/wp-content\/uploads\/2022\/05\/07934d91-55fe-4636-b52f-ea01ddbdae3c-681x511.jpg 681w\" sizes=\"auto, (max-width: 1040px) 100vw, 1040px\" \/><figcaption id=\"caption-attachment-209934\" class=\"wp-caption-text\">Foto de Yanitza Mart\u00ednez<\/figcaption><\/figure>\n<p>Para concluir, el Dr. Garc\u00eda ley\u00f3 una poes\u00eda dedicada al General Carlos Manuel Piar, rescatada del peri\u00f3dico \u201cEl Cojo Ilustrado\u00bb.<\/p>\n<p><strong>Yanitza Mart\u00ednez CNP 19.403<\/strong><\/p>\n","protected":false},"excerpt":{"rendered":"<p>En la sede del Archivo Hist\u00f3rico de Guayana, adscrito a la Direcci\u00f3n de Fortalecimiento del Conocimiento y Ra\u00edces Culturales, de la Secretar\u00eda de Cultura, ubicado en la Casa del Congreso de Angostura, se realiz\u00f3 una Charla sobre la importancia de las Cr\u00f3nicas Urbanas y su v\u00ednculo e identidad de las personas con su sector de [&hellip;]<\/p>\n","protected":false},"author":2,"featured_media":209933,"comment_status":"closed","ping_status":"closed","sticky":false,"template":"","format":"standard","meta":{"footnotes":""},"categories":[5,12],"tags":[],"class_list":{"0":"post-209938","1":"post","2":"type-post","3":"status-publish","4":"format-standard","5":"has-post-thumbnail","7":"category-destacado","8":"category-regionales"},"_links":{"self":[{"href":"https:\/\/elluchador.info\/index.php?rest_route=\/wp\/v2\/posts\/209938","targetHints":{"allow":["GET"]}}],"collection":[{"href":"https:\/\/elluchador.info\/index.php?rest_route=\/wp\/v2\/posts"}],"about":[{"href":"https:\/\/elluchador.info\/index.php?rest_route=\/wp\/v2\/types\/post"}],"author":[{"embeddable":true,"href":"https:\/\/elluchador.info\/index.php?rest_route=\/wp\/v2\/users\/2"}],"replies":[{"embeddable":true,"href":"https:\/\/elluchador.info\/index.php?rest_route=%2Fwp%2Fv2%2Fcomments&post=209938"}],"version-history":[{"count":1,"href":"https:\/\/elluchador.info\/index.php?rest_route=\/wp\/v2\/posts\/209938\/revisions"}],"predecessor-version":[{"id":209939,"href":"https:\/\/elluchador.info\/index.php?rest_route=\/wp\/v2\/posts\/209938\/revisions\/209939"}],"wp:featuredmedia":[{"embeddable":true,"href":"https:\/\/elluchador.info\/index.php?rest_route=\/wp\/v2\/media\/209933"}],"wp:attachment":[{"href":"https:\/\/elluchador.info\/index.php?rest_route=%2Fwp%2Fv2%2Fmedia&parent=209938"}],"wp:term":[{"taxonomy":"category","embeddable":true,"href":"https:\/\/elluchador.info\/index.php?rest_route=%2Fwp%2Fv2%2Fcategories&post=209938"},{"taxonomy":"post_tag","embeddable":true,"href":"https:\/\/elluchador.info\/index.php?rest_route=%2Fwp%2Fv2%2Ftags&post=209938"}],"curies":[{"name":"wp","href":"https:\/\/api.w.org\/{rel}","templated":true}]}}