{"id":209948,"date":"2022-05-09T19:59:37","date_gmt":"2022-05-09T23:59:37","guid":{"rendered":"https:\/\/elluchador.info\/web\/?p=209948"},"modified":"2022-05-09T19:59:37","modified_gmt":"2022-05-09T23:59:37","slug":"mision-milagro-renace-para-saldar-deuda-social-con-el-pueblo","status":"publish","type":"post","link":"https:\/\/elluchador.info\/?p=209948","title":{"rendered":"Misi\u00f3n Milagro renace para saldar deuda social con el pueblo"},"content":{"rendered":"<p>Desde la sede de Ven 911 en Caron\u00ed, el gobernador \u00c1ngel Marcano reimpulsa la Misi\u00f3n Milagro mediante la atenci\u00f3n m\u00e9dica de 140 pacientes con cataratas, los cuales ser\u00e1n intervenidos quir\u00fargicamente en los pr\u00f3ximos d\u00edas, gracias al apoyo del presidente Nicol\u00e1s Maduro Moros, procurando la salud de excelencia del pueblo, prioridad social de la revoluci\u00f3n.<\/p>\n<p>Durante un recorrido por las instalaciones acompa\u00f1ado por la primera combatiente Yajaira Arocha de Marcano, el mandatario regional destac\u00f3 las labores de recuperaci\u00f3n de los centros hospitalarios en el estado, acometidas integrales que afianzan el sistema de salud en Bol\u00edvar, demostrando as\u00ed el renacer enfocado en mejorar la calidad de vida de la ciudadan\u00eda en general.<\/p>\n<p><img loading=\"lazy\" decoding=\"async\" class=\"alignnone size-medium wp-image-209949\" src=\"https:\/\/elluchador.info\/web\/wp-content\/uploads\/2022\/05\/06-1-300x200.jpg\" alt=\"\" width=\"300\" height=\"200\" srcset=\"https:\/\/elluchador.info\/wp-content\/uploads\/2022\/05\/06-1-300x200.jpg 300w, https:\/\/elluchador.info\/wp-content\/uploads\/2022\/05\/06-1-1024x683.jpg 1024w, https:\/\/elluchador.info\/wp-content\/uploads\/2022\/05\/06-1-768x512.jpg 768w, https:\/\/elluchador.info\/wp-content\/uploads\/2022\/05\/06-1-630x420.jpg 630w, https:\/\/elluchador.info\/wp-content\/uploads\/2022\/05\/06-1-537x360.jpg 537w, https:\/\/elluchador.info\/wp-content\/uploads\/2022\/05\/06-1-640x427.jpg 640w, https:\/\/elluchador.info\/wp-content\/uploads\/2022\/05\/06-1-681x454.jpg 681w, https:\/\/elluchador.info\/wp-content\/uploads\/2022\/05\/06-1.jpg 1080w\" sizes=\"auto, (max-width: 300px) 100vw, 300px\" \/><\/p>\n<p>De igual forma, Marcano mencion\u00f3 que este reimpulso de la Misi\u00f3n Milagro es otro logro del presidente Nicol\u00e1s Maduro, quien preocupado por la salud del pueblo de Bol\u00edvar brind\u00f3 todo el apoyo para iniciar con las operaciones de cataratas, deuda social que se ten\u00eda durante 4 a\u00f1os con los pacientes con patolog\u00eda visual; estim\u00f3 que este a\u00f1o puedan atender a m\u00e1s de 3 mil peticiones que esperan por la ayuda del Gobierno Bolivariano.<\/p>\n<p>El Gobernador tambi\u00e9n refiri\u00f3 las intervenciones quir\u00fargicas que gracias al Presidente de la Rep\u00fablica se les han realizado a los ni\u00f1os, ni\u00f1as y j\u00f3venes en el Cardiol\u00f3gico Infantil y en el Hospital Ortop\u00e9dico Infantil Latinoamericano, ubicados en Caracas, \u201cgestiones posible con compromiso social, vocaci\u00f3n de servicio y el amor en pueblo de un l\u00edder revolucionario como Nicol\u00e1s Maduro Moros\u201d.<\/p>\n<p><img loading=\"lazy\" decoding=\"async\" class=\"alignnone size-medium wp-image-209950\" src=\"https:\/\/elluchador.info\/web\/wp-content\/uploads\/2022\/05\/03-7-300x200.jpg\" alt=\"\" width=\"300\" height=\"200\" srcset=\"https:\/\/elluchador.info\/wp-content\/uploads\/2022\/05\/03-7-300x200.jpg 300w, https:\/\/elluchador.info\/wp-content\/uploads\/2022\/05\/03-7-1024x683.jpg 1024w, https:\/\/elluchador.info\/wp-content\/uploads\/2022\/05\/03-7-768x512.jpg 768w, https:\/\/elluchador.info\/wp-content\/uploads\/2022\/05\/03-7-630x420.jpg 630w, https:\/\/elluchador.info\/wp-content\/uploads\/2022\/05\/03-7-537x360.jpg 537w, https:\/\/elluchador.info\/wp-content\/uploads\/2022\/05\/03-7-640x427.jpg 640w, https:\/\/elluchador.info\/wp-content\/uploads\/2022\/05\/03-7-681x454.jpg 681w, https:\/\/elluchador.info\/wp-content\/uploads\/2022\/05\/03-7.jpg 1080w\" sizes=\"auto, (max-width: 300px) 100vw, 300px\" \/><\/p>\n<p>En cuanto a la Misi\u00f3n Milagro, \u00c1ngel Marcano indic\u00f3 que los pacientes ser\u00e1n evaluados para determinar las enfermedades o lesiones visuales, de acuerdo a la clasificaci\u00f3n que \u00e9stos reciban por los expertos, ser\u00e1n intervenidos quir\u00fargicamente, \u201ctenemos programado iniciar las operaciones de cataratas el pr\u00f3ximo 22 de mayo, para lo cual contaremos con el apoyo de m\u00e9dicos especialistas de Caracas, tanto cubanos como venezolanos\u201d.<\/p>\n<p><strong>Dotaci\u00f3n en materia de salud <\/strong><\/p>\n<p>Nuevas camas obst\u00e9tricas llamadas \u00abburros\u00bb, con colchones incluidos, a fin de brindar comodidad a las mujeres que experimentan el proceso de parto, se entregar\u00e1n sillas de ruedas y bastones a personas con deficiencia y discapacidad motora, creadas por la empresa CVG Alcasa.<\/p>\n<p>El Hospital Ruiz y P\u00e1ez vuelve a renacer, hemos dado respuestas en el Hospital Uyapar, la emergencia estaba sucia, los m\u00e9dicos desmotivados, hablamos con ellos, se han entregado nuevas camas,\u00a0 nos hemos enfocado en el Sistema de Salud P\u00fablica, primordial para garantizar la m\u00e1xima protecci\u00f3n y resguardo a la poblaci\u00f3n\u00bb.<\/p>\n<p>El mandatario regional resalt\u00f3 el programa que tambi\u00e9n se ejecuta en Mundo de\u00a0 Sonrisas, liderado por la primera combatiente, Yajaira Arocha de Marcano. Destac\u00f3 que se han incorporado camas para atender a ni\u00f1os y adultos en el \u00e1rea de odontolog\u00eda.<\/p>\n<p>Explic\u00f3 que en Fundaci\u00f3n Armon\u00eda se incluyeron 42 camas m\u00e1s, para las personas de la tercera edad, en aras de optimizar su estad\u00eda en el lugar.<\/p>\n<p><strong>Mayo productivo<\/strong><\/p>\n<p>Dentro de las intervenciones en el programa radial \u00ab\u00c1ngel Marcano Hoy\u00bb, el ministro para el Proceso Social del Trabajo, Jos\u00e9 Ram\u00f3n Rivero, felicit\u00f3 la labor que ha estado realizando el gobernador \u00c1ngel Marcano.<\/p>\n<p>Resalt\u00f3 que el 12 de mayo la empresa Sider\u00fargica del Orinoco Alfredo Maneiro (Sidor) cumplir\u00e1 14 a\u00f1os de su nacionalizaci\u00f3n, luego de que el l\u00edder de la revoluci\u00f3n venezolana, Hugo Ch\u00e1vez, anunciara el decreto de una empresa que pasar\u00eda a ser propiedad del Estado.<\/p>\n<p>Rivero hizo hincapi\u00e9 al segundo legado de Ch\u00e1vez; la Ley del Trabajador, garantizando el buen desenvolvimiento de la clase obrera. Dijo que se han creado los Comit\u00e9s Laborales de Recreaci\u00f3n, anunci\u00f3 que en este mayo productivo, se realizar\u00e1 el final del Congreso de Delegados de Prevenci\u00f3n del Trabajo, adem\u00e1s, de otras actividades alineadas al tema.<\/p>\n<p>\u201cConcluiremos con un concierto de expresiones culturales, siendo Bol\u00edvar, nuevamente imagen del proceso de transici\u00f3n de las 3R.Nets, impulsado por el presidente de la Rep\u00fablica\u201d.<\/p>\n<p><strong>Relanzamiento econ\u00f3mico y social <\/strong><\/p>\n<p>El ministro del Trabajo tambi\u00e9n detall\u00f3 que dentro de la gesti\u00f3n que emprende el gobernador \u00c1ngel Marcano, se ha hecho un relanzamiento productivo, tanto en materia econ\u00f3mica, como social.<\/p>\n<p>Inform\u00f3 que gracias a las articulaciones entre el gobierno central y la clase obrera, los motores de 15 plantas de la Sider\u00fargica se activaron, generando la reincorporaci\u00f3n de 4 mil 700 trabajadores.<\/p>\n<p>Se prev\u00e9 que esta cantidad aumente, debido a la adecuaci\u00f3n de datos que se estar\u00e1 realizando. \u00abNosotros creemos en un debate de ideas, al frente de Sidor est\u00e1 la revoluci\u00f3n, a medida que se reactiven las empresas, se ir\u00e1n reincorporando a los trabajadores\u00bb, apunto, Rivero.<\/p>\n<p><strong>Avances de la gesti\u00f3n <\/strong><\/p>\n<p>La m\u00e1xima autoridad regional\u00a0 mencion\u00f3 avances de producci\u00f3n en las dependencias de la Gobernaci\u00f3n; Granitos Bol\u00edvar, cuya compa\u00f1\u00eda fabricar\u00e1 10 mil metros cuadrados de granito, mientras que en la Alfarer\u00eda Bol\u00edvar, se producir\u00e1n alrededor de 30 mil bloques diarios, para adelantar las construcciones en la regi\u00f3n.<\/p>\n<p>Resalt\u00f3 la reactivaci\u00f3n de la planta de asfalto, que elaborar\u00e1 aproximadamente 140 toneladas por hora.<\/p>\n<p><strong>Combustible <\/strong><\/p>\n<p>El gobernador \u00c1ngel Marcano comunic\u00f3 a la poblaci\u00f3n su constante trabajo para mejorar la distribuci\u00f3n de gasolina.<\/p>\n<p>Exhort\u00f3 a los que a\u00fan est\u00e1n en descontento, trabajar mancomunadamente para garantizar no solo 30 gandolas semanales, sino, 60, dejando a un lado el sistema de distribuci\u00f3n a trav\u00e9s de placas.<\/p>\n<p>Responsablemente no he eliminado las placas, porque es como meterle mentira a la gente. Estamos pagando 1500 d\u00f3lares por gandola, en cada viaje son 30, que vendr\u00edan siendo 45 mil d\u00f3lares\u201d.<\/p>\n","protected":false},"excerpt":{"rendered":"<p>Desde la sede de Ven 911 en Caron\u00ed, el gobernador \u00c1ngel Marcano reimpulsa la Misi\u00f3n Milagro mediante la atenci\u00f3n m\u00e9dica de 140 pacientes con cataratas, los cuales ser\u00e1n intervenidos quir\u00fargicamente en los pr\u00f3ximos d\u00edas, gracias al apoyo del presidente Nicol\u00e1s Maduro Moros, procurando la salud de excelencia del pueblo, prioridad social de la revoluci\u00f3n. Durante [&hellip;]<\/p>\n","protected":false},"author":2,"featured_media":209951,"comment_status":"closed","ping_status":"closed","sticky":false,"template":"","format":"standard","meta":{"footnotes":""},"categories":[5,12],"tags":[],"class_list":{"0":"post-209948","1":"post","2":"type-post","3":"status-publish","4":"format-standard","5":"has-post-thumbnail","7":"category-destacado","8":"category-regionales"},"_links":{"self":[{"href":"https:\/\/elluchador.info\/index.php?rest_route=\/wp\/v2\/posts\/209948","targetHints":{"allow":["GET"]}}],"collection":[{"href":"https:\/\/elluchador.info\/index.php?rest_route=\/wp\/v2\/posts"}],"about":[{"href":"https:\/\/elluchador.info\/index.php?rest_route=\/wp\/v2\/types\/post"}],"author":[{"embeddable":true,"href":"https:\/\/elluchador.info\/index.php?rest_route=\/wp\/v2\/users\/2"}],"replies":[{"embeddable":true,"href":"https:\/\/elluchador.info\/index.php?rest_route=%2Fwp%2Fv2%2Fcomments&post=209948"}],"version-history":[{"count":1,"href":"https:\/\/elluchador.info\/index.php?rest_route=\/wp\/v2\/posts\/209948\/revisions"}],"predecessor-version":[{"id":209953,"href":"https:\/\/elluchador.info\/index.php?rest_route=\/wp\/v2\/posts\/209948\/revisions\/209953"}],"wp:featuredmedia":[{"embeddable":true,"href":"https:\/\/elluchador.info\/index.php?rest_route=\/wp\/v2\/media\/209951"}],"wp:attachment":[{"href":"https:\/\/elluchador.info\/index.php?rest_route=%2Fwp%2Fv2%2Fmedia&parent=209948"}],"wp:term":[{"taxonomy":"category","embeddable":true,"href":"https:\/\/elluchador.info\/index.php?rest_route=%2Fwp%2Fv2%2Fcategories&post=209948"},{"taxonomy":"post_tag","embeddable":true,"href":"https:\/\/elluchador.info\/index.php?rest_route=%2Fwp%2Fv2%2Ftags&post=209948"}],"curies":[{"name":"wp","href":"https:\/\/api.w.org\/{rel}","templated":true}]}}