{"id":209954,"date":"2022-05-09T20:09:32","date_gmt":"2022-05-10T00:09:32","guid":{"rendered":"https:\/\/elluchador.info\/web\/?p=209954"},"modified":"2022-05-09T20:09:32","modified_gmt":"2022-05-10T00:09:32","slug":"realizan-jornada-integral-a-las-vialidades-de-ciudad-bolivar","status":"publish","type":"post","link":"https:\/\/elluchador.info\/?p=209954","title":{"rendered":"Realizan jornada integral a las vialidades de Ciudad Bol\u00edvar"},"content":{"rendered":"<p>Bajo un despliegue tit\u00e1nico la gesti\u00f3n transformadora del alcalde Sergio Hern\u00e1ndez se despleg\u00f3 a lo largo y ancho de la avenida T\u00e1chira en Ciudad Bol\u00edvar.<\/p>\n<p><img loading=\"lazy\" decoding=\"async\" class=\"alignnone size-medium wp-image-209962\" src=\"https:\/\/elluchador.info\/web\/wp-content\/uploads\/2022\/05\/02-11-169x300.jpg\" alt=\"\" width=\"169\" height=\"300\" srcset=\"https:\/\/elluchador.info\/wp-content\/uploads\/2022\/05\/02-11-169x300.jpg 169w, https:\/\/elluchador.info\/wp-content\/uploads\/2022\/05\/02-11-236x420.jpg 236w, https:\/\/elluchador.info\/wp-content\/uploads\/2022\/05\/02-11.jpg 563w\" sizes=\"auto, (max-width: 169px) 100vw, 169px\" \/><\/p>\n<p>La m\u00e1xima autoridad local coment\u00f3 que se activaron varios frente de trabajo para efectuar las labores de embellecimiento de la vialidad y de esta manera seguir trabajando en la optimizaci\u00f3n de los servicios p\u00fablicos para el buen vivir del pueblo.<\/p>\n<p>Destac\u00f3 que las cuadrillas estuvieron divididas en materia de limpieza de la vialidad, poda de \u00e1rboles controlada, barrido, desmalezamiento.<\/p>\n<p>Mientras que otro frente realiz\u00f3 la limpieza de los sumideros de ventana, sacando todos los desechos y realizando el mantenimiento preventivo ante la llegada del per\u00edodo de las lluvias.<\/p>\n<p>Con relaci\u00f3n a este tema, el l\u00edder municipal afirm\u00f3 que desde hace dos semanas los equipos que conforman el Estado Mayor Municipal de Prevenci\u00f3n y Riesgo se encuentra realizando las visitas a los sectores, llevando la acciones pertinentes para consolidar los espacios.<\/p>\n<p>Todo esto bajo las pol\u00edticas del presidente Nicol\u00e1s Maduro y el gobernador \u00c1ngel Marcano, quien apuesta al desarrollo integral de la regi\u00f3n.<\/p>\n<p>Mantenimiento en la red semaforizada<\/p>\n<p>En este sentido, el director del Servicio Aut\u00f3nomo de Transporte, Tr\u00e1nsito y Vialidad Municipal H\u00e9ctor Contreras se\u00f1al\u00f3 que durante la jornada integral, efectuaron la revisi\u00f3n de las intersecciones semaforizadas de la avenida T\u00e1chira.<\/p>\n<p><img loading=\"lazy\" decoding=\"async\" class=\"alignnone size-medium wp-image-209964\" src=\"https:\/\/elluchador.info\/web\/wp-content\/uploads\/2022\/05\/04-6-300x169.jpg\" alt=\"\" width=\"300\" height=\"169\" srcset=\"https:\/\/elluchador.info\/wp-content\/uploads\/2022\/05\/04-6-300x169.jpg 300w, https:\/\/elluchador.info\/wp-content\/uploads\/2022\/05\/04-6-768x432.jpg 768w, https:\/\/elluchador.info\/wp-content\/uploads\/2022\/05\/04-6-747x420.jpg 747w, https:\/\/elluchador.info\/wp-content\/uploads\/2022\/05\/04-6-640x360.jpg 640w, https:\/\/elluchador.info\/wp-content\/uploads\/2022\/05\/04-6-681x383.jpg 681w, https:\/\/elluchador.info\/wp-content\/uploads\/2022\/05\/04-6-1021x576.jpg 1021w, https:\/\/elluchador.info\/wp-content\/uploads\/2022\/05\/04-6.jpg 1024w\" sizes=\"auto, (max-width: 300px) 100vw, 300px\" \/><\/p>\n<p>All\u00ed los equipos efectuaron el mantenimiento preventivo, revisi\u00f3n de las cajas de control, cambio de cable e instalaci\u00f3n de luminarias, para seguir consolidando los servicios p\u00fablicos.<\/p>\n<p>Alumbrado publico<\/p>\n<p>Asimismo el director de Infraestructura Municipal, Juan Mireles dijo que el equipo de ingenieros el\u00e9ctricos tambi\u00e9n ejecut\u00f3 las labores de mantenimiento del alumbrado p\u00fablico y de esta manera el cambio; as\u00ed como reposici\u00f3n de luminarias LED.<\/p>\n<p><img loading=\"lazy\" decoding=\"async\" class=\"alignnone size-medium wp-image-209966\" src=\"https:\/\/elluchador.info\/web\/wp-content\/uploads\/2022\/05\/06-3-300x138.jpg\" alt=\"\" width=\"300\" height=\"138\" srcset=\"https:\/\/elluchador.info\/wp-content\/uploads\/2022\/05\/06-3-300x138.jpg 300w, https:\/\/elluchador.info\/wp-content\/uploads\/2022\/05\/06-3-1024x471.jpg 1024w, https:\/\/elluchador.info\/wp-content\/uploads\/2022\/05\/06-3-768x353.jpg 768w, https:\/\/elluchador.info\/wp-content\/uploads\/2022\/05\/06-3-913x420.jpg 913w, https:\/\/elluchador.info\/wp-content\/uploads\/2022\/05\/06-3-640x295.jpg 640w, https:\/\/elluchador.info\/wp-content\/uploads\/2022\/05\/06-3-681x313.jpg 681w, https:\/\/elluchador.info\/wp-content\/uploads\/2022\/05\/06-3.jpg 1080w\" sizes=\"auto, (max-width: 300px) 100vw, 300px\" \/><\/p>\n<p>Mireles acot\u00f3 que estas acciones se mantienen desplegadas en toda la ciudad, pues cuentan con un equipo de primera para un pueblo de primera.<\/p>\n<p>Culmin\u00f3 haciendo un llamado a las personas a cuidar los espacios, ya que si todos trabajamos en el mantenimiento de la ciudad, tendremos un municipio de primera. <strong>Prensa Alcald\u00eda AO<\/strong><\/p>\n","protected":false},"excerpt":{"rendered":"<p>Bajo un despliegue tit\u00e1nico la gesti\u00f3n transformadora del alcalde Sergio Hern\u00e1ndez se despleg\u00f3 a lo largo y ancho de la avenida T\u00e1chira en Ciudad Bol\u00edvar. La m\u00e1xima autoridad local coment\u00f3 que se activaron varios frente de trabajo para efectuar las labores de embellecimiento de la vialidad y de esta manera seguir trabajando en la optimizaci\u00f3n [&hellip;]<\/p>\n","protected":false},"author":2,"featured_media":209963,"comment_status":"closed","ping_status":"closed","sticky":false,"template":"","format":"standard","meta":{"footnotes":""},"categories":[5,20],"tags":[],"class_list":{"0":"post-209954","1":"post","2":"type-post","3":"status-publish","4":"format-standard","5":"has-post-thumbnail","7":"category-destacado","8":"category-municipal"},"_links":{"self":[{"href":"https:\/\/elluchador.info\/index.php?rest_route=\/wp\/v2\/posts\/209954","targetHints":{"allow":["GET"]}}],"collection":[{"href":"https:\/\/elluchador.info\/index.php?rest_route=\/wp\/v2\/posts"}],"about":[{"href":"https:\/\/elluchador.info\/index.php?rest_route=\/wp\/v2\/types\/post"}],"author":[{"embeddable":true,"href":"https:\/\/elluchador.info\/index.php?rest_route=\/wp\/v2\/users\/2"}],"replies":[{"embeddable":true,"href":"https:\/\/elluchador.info\/index.php?rest_route=%2Fwp%2Fv2%2Fcomments&post=209954"}],"version-history":[{"count":1,"href":"https:\/\/elluchador.info\/index.php?rest_route=\/wp\/v2\/posts\/209954\/revisions"}],"predecessor-version":[{"id":209972,"href":"https:\/\/elluchador.info\/index.php?rest_route=\/wp\/v2\/posts\/209954\/revisions\/209972"}],"wp:featuredmedia":[{"embeddable":true,"href":"https:\/\/elluchador.info\/index.php?rest_route=\/wp\/v2\/media\/209963"}],"wp:attachment":[{"href":"https:\/\/elluchador.info\/index.php?rest_route=%2Fwp%2Fv2%2Fmedia&parent=209954"}],"wp:term":[{"taxonomy":"category","embeddable":true,"href":"https:\/\/elluchador.info\/index.php?rest_route=%2Fwp%2Fv2%2Fcategories&post=209954"},{"taxonomy":"post_tag","embeddable":true,"href":"https:\/\/elluchador.info\/index.php?rest_route=%2Fwp%2Fv2%2Ftags&post=209954"}],"curies":[{"name":"wp","href":"https:\/\/api.w.org\/{rel}","templated":true}]}}