{"id":209973,"date":"2022-05-09T20:12:30","date_gmt":"2022-05-10T00:12:30","guid":{"rendered":"https:\/\/elluchador.info\/web\/?p=209973"},"modified":"2022-05-09T20:12:30","modified_gmt":"2022-05-10T00:12:30","slug":"feria-del-orinoco-recibe-estatus-internacional-de-la-mano-del-bureao-internacional-de-capitales-culturales-para-latinoamerica","status":"publish","type":"post","link":"https:\/\/elluchador.info\/?p=209973","title":{"rendered":"Feria del Orinoco recibe estatus internacional de la mano del Bureao Internacional de Capitales Culturales para Latinoam\u00e9rica"},"content":{"rendered":"<p>El alcalde, Sergio Hern\u00e1ndez recibi\u00f3 de parte del Bureao Internacional de Capitales Culturales para Latinoam\u00e9rica la certificaci\u00f3n que honra a la Feria del Orinoco con categor\u00eda internacional, gracias al esfuerzo y nivel de organizaci\u00f3n empleado en la emblem\u00e1tica feria bolivarense por el alcalde Sergio Hern\u00e1ndez.<\/p>\n<p>Arelys Hern\u00e1ndez, ex directora de Turismo de la Alcald\u00eda de Angostura del Orinoco, se\u00f1al\u00f3 que desde la llegada del alcalde a la municipalidad, trabajaron para alcanzar el estatus internacional en la Feria del Orinoco.<\/p>\n<p><img loading=\"lazy\" decoding=\"async\" class=\"alignnone size-medium wp-image-209968 aligncenter\" src=\"https:\/\/elluchador.info\/web\/wp-content\/uploads\/2022\/05\/08-2-300x200.jpg\" alt=\"\" width=\"300\" height=\"200\" srcset=\"https:\/\/elluchador.info\/wp-content\/uploads\/2022\/05\/08-2-300x200.jpg 300w, https:\/\/elluchador.info\/wp-content\/uploads\/2022\/05\/08-2-768x512.jpg 768w, https:\/\/elluchador.info\/wp-content\/uploads\/2022\/05\/08-2-630x420.jpg 630w, https:\/\/elluchador.info\/wp-content\/uploads\/2022\/05\/08-2-537x360.jpg 537w, https:\/\/elluchador.info\/wp-content\/uploads\/2022\/05\/08-2-640x427.jpg 640w, https:\/\/elluchador.info\/wp-content\/uploads\/2022\/05\/08-2-681x454.jpg 681w, https:\/\/elluchador.info\/wp-content\/uploads\/2022\/05\/08-2.jpg 1000w\" sizes=\"auto, (max-width: 300px) 100vw, 300px\" \/><\/p>\n<p>\u00abFue un arduo trabajo que realizamos, d\u00f3nde adecuamos todo el ambiente de la Feria del Orinoco a los est\u00e1ndares internacionales y sometimos a esto a los que participan en ella, incluyendo a los vendedores y cuerpos de seguridad\u00bb, dijo.<\/p>\n<p>Aclar\u00f3 que las ferias no reciben el estatus de internacional por la participaci\u00f3n de cantantes u otros artistas extranjeros en ella, sino que se entrega a qui\u00e9nes cumplen con los est\u00e1ndares de hospitalidad internacional durante la feria.<\/p>\n<p>Asimismo, felicit\u00f3 al alcalde Sergio Hern\u00e1ndez, quien trabaj\u00f3 con esmero para que la Feria del Orinoco lograra esta premisa.<\/p>\n<p><img loading=\"lazy\" decoding=\"async\" class=\"alignnone size-medium wp-image-209970\" src=\"https:\/\/elluchador.info\/web\/wp-content\/uploads\/2022\/05\/10-300x205.jpg\" alt=\"\" width=\"300\" height=\"205\" srcset=\"https:\/\/elluchador.info\/wp-content\/uploads\/2022\/05\/10-300x205.jpg 300w, https:\/\/elluchador.info\/wp-content\/uploads\/2022\/05\/10-1024x700.jpg 1024w, https:\/\/elluchador.info\/wp-content\/uploads\/2022\/05\/10-768x525.jpg 768w, https:\/\/elluchador.info\/wp-content\/uploads\/2022\/05\/10-615x420.jpg 615w, https:\/\/elluchador.info\/wp-content\/uploads\/2022\/05\/10-640x437.jpg 640w, https:\/\/elluchador.info\/wp-content\/uploads\/2022\/05\/10-681x465.jpg 681w, https:\/\/elluchador.info\/wp-content\/uploads\/2022\/05\/10.jpg 1080w\" sizes=\"auto, (max-width: 300px) 100vw, 300px\" \/><\/p>\n<p><strong>Proceso de certificaci\u00f3n<\/strong><\/p>\n<p>Hern\u00e1ndez, se\u00f1al\u00f3 que el primero proceso fue contactar a los representantes de la Academia de la Lengua cap\u00edtulo Anzo\u00e1tegui, que en el a\u00f1o 2018, consiguieron la designaci\u00f3n de Capital Americana de la Cultura.<\/p>\n<p>Posteriormente realizaron todos los tr\u00e1mites legales necesarios para la postulaci\u00f3n ante la Capital Americana de la Cultura.<\/p>\n<p>Indic\u00f3 que el paso m\u00e1s importante fue la visita de los representantes de esta organizaci\u00f3n a la Feria del Orinoco para verificar la organizaci\u00f3n, salubridad, seguridad, nivel de respuesta ante riesgo y otras caracter\u00edsticas.<\/p>\n<p>Manifest\u00f3 que, finalmente a comienzos de mayo del 2022 el alcalde, Sergio Hern\u00e1ndez, recibi\u00f3 la certificaci\u00f3n que acredita a la ic\u00f3nica Feria del Orinoco como una celebraci\u00f3n de car\u00e1cter internacional.<\/p>\n<p><img loading=\"lazy\" decoding=\"async\" class=\"alignnone size-medium wp-image-209971\" src=\"https:\/\/elluchador.info\/web\/wp-content\/uploads\/2022\/05\/11-300x200.jpg\" alt=\"\" width=\"300\" height=\"200\" srcset=\"https:\/\/elluchador.info\/wp-content\/uploads\/2022\/05\/11-300x200.jpg 300w, https:\/\/elluchador.info\/wp-content\/uploads\/2022\/05\/11-768x512.jpg 768w, https:\/\/elluchador.info\/wp-content\/uploads\/2022\/05\/11-630x420.jpg 630w, https:\/\/elluchador.info\/wp-content\/uploads\/2022\/05\/11-537x360.jpg 537w, https:\/\/elluchador.info\/wp-content\/uploads\/2022\/05\/11-640x427.jpg 640w, https:\/\/elluchador.info\/wp-content\/uploads\/2022\/05\/11-681x454.jpg 681w, https:\/\/elluchador.info\/wp-content\/uploads\/2022\/05\/11.jpg 1000w\" sizes=\"auto, (max-width: 300px) 100vw, 300px\" \/><\/p>\n<p>\u00abEs un orgullo recibir est\u00e1 distinci\u00f3n por la que trabajamos con esmero;\u00a0 no solo los representantes del Gobierno deben estar felices por esto porque la feria es del pueblo bolivarense\u00bb, coment\u00f3.<\/p>\n<p>Expres\u00f3 que, en toda Venezuela es la \u00fanica feria que ha alcanzado esta distinci\u00f3n de parte de la Capital Americana de la Cultura.<\/p>\n<p>Finalmente, celebr\u00f3 con orgullo bolivarense la organizaci\u00f3n de la Feria Internacional del Orinoco y la gran calidad que ha alcanzado con el apoyo del alcalde Sergio Hern\u00e1ndez.<strong>Prensa Alcald\u00eda AO<\/strong><\/p>\n","protected":false},"excerpt":{"rendered":"<p>El alcalde, Sergio Hern\u00e1ndez recibi\u00f3 de parte del Bureao Internacional de Capitales Culturales para Latinoam\u00e9rica la certificaci\u00f3n que honra a la Feria del Orinoco con categor\u00eda internacional, gracias al esfuerzo y nivel de organizaci\u00f3n empleado en la emblem\u00e1tica feria bolivarense por el alcalde Sergio Hern\u00e1ndez. Arelys Hern\u00e1ndez, ex directora de Turismo de la Alcald\u00eda de [&hellip;]<\/p>\n","protected":false},"author":2,"featured_media":209967,"comment_status":"closed","ping_status":"closed","sticky":false,"template":"","format":"standard","meta":{"footnotes":""},"categories":[5,20],"tags":[],"class_list":{"0":"post-209973","1":"post","2":"type-post","3":"status-publish","4":"format-standard","5":"has-post-thumbnail","7":"category-destacado","8":"category-municipal"},"_links":{"self":[{"href":"https:\/\/elluchador.info\/index.php?rest_route=\/wp\/v2\/posts\/209973","targetHints":{"allow":["GET"]}}],"collection":[{"href":"https:\/\/elluchador.info\/index.php?rest_route=\/wp\/v2\/posts"}],"about":[{"href":"https:\/\/elluchador.info\/index.php?rest_route=\/wp\/v2\/types\/post"}],"author":[{"embeddable":true,"href":"https:\/\/elluchador.info\/index.php?rest_route=\/wp\/v2\/users\/2"}],"replies":[{"embeddable":true,"href":"https:\/\/elluchador.info\/index.php?rest_route=%2Fwp%2Fv2%2Fcomments&post=209973"}],"version-history":[{"count":1,"href":"https:\/\/elluchador.info\/index.php?rest_route=\/wp\/v2\/posts\/209973\/revisions"}],"predecessor-version":[{"id":209974,"href":"https:\/\/elluchador.info\/index.php?rest_route=\/wp\/v2\/posts\/209973\/revisions\/209974"}],"wp:featuredmedia":[{"embeddable":true,"href":"https:\/\/elluchador.info\/index.php?rest_route=\/wp\/v2\/media\/209967"}],"wp:attachment":[{"href":"https:\/\/elluchador.info\/index.php?rest_route=%2Fwp%2Fv2%2Fmedia&parent=209973"}],"wp:term":[{"taxonomy":"category","embeddable":true,"href":"https:\/\/elluchador.info\/index.php?rest_route=%2Fwp%2Fv2%2Fcategories&post=209973"},{"taxonomy":"post_tag","embeddable":true,"href":"https:\/\/elluchador.info\/index.php?rest_route=%2Fwp%2Fv2%2Ftags&post=209973"}],"curies":[{"name":"wp","href":"https:\/\/api.w.org\/{rel}","templated":true}]}}