{"id":209981,"date":"2022-05-09T20:20:54","date_gmt":"2022-05-10T00:20:54","guid":{"rendered":"https:\/\/elluchador.info\/web\/?p=209981"},"modified":"2022-05-09T20:20:54","modified_gmt":"2022-05-10T00:20:54","slug":"en-casa-antonio-lauro-inauguran-exposicion-en-homenaje-a-jesus-alexis-bello","status":"publish","type":"post","link":"https:\/\/elluchador.info\/?p=209981","title":{"rendered":"En Casa Antonio Lauro inauguran exposici\u00f3n en homenaje a Jes\u00fas Alexis Bello"},"content":{"rendered":"<p>El Colectivo Art\u00edstico Cultural Pedro Fajardo, de la Universidad Bolivariana de Venezuela inaugurar\u00e1 este 10 de mayo la Exposici\u00f3n en homenaje a Jes\u00fas Alexis Bello.<\/p>\n<p>La profesora Luzmila Guzm\u00e1n invit\u00f3 a toda la colectividad para la reapertura de la Casa Patrimonial Antonio Lauro, \u201cEste colectivo fue so\u00f1ado e ideado desde la Coordinaci\u00f3n de Cultura UBV Bol\u00edvar y en homenaje a nuestro Pedrito Fajardo\u201d, expres\u00f3.<\/p>\n<p>La artista y tambi\u00e9n comunicadora destac\u00f3 que esta actividad se dar\u00e1 este martes, en el marco del D\u00eda Nacional del Artista Pl\u00e1stico, luego de presentar un proyecto ante la Secretar\u00eda de Cultura de la Gobernaci\u00f3n del estado Bol\u00edvar, el cual fue aprobado.<\/p>\n<p>\u201cConcediendo a nuestro Colectivo la encargadur\u00eda de este inmueble para el desarrollo del Programa de Formaci\u00f3n en Artes Pedro Fajardo\u201d.<\/p>\n<p>Emocionada manifest\u00f3 que \u201cel d\u00eda del nacimiento del maestro Rever\u00f3n, el maestro de la luz inicia este hermoso proyecto y all\u00ed estaremos como de costumbre haciendo del arte y la cultura una trinchera para el desarrollo cultural de la Patria. Los esperamos para celebrar otro logro m\u00e1s de los cultores y cultoras ubvistas.\u00a0<strong>GS<\/strong><\/p>\n","protected":false},"excerpt":{"rendered":"<p>El Colectivo Art\u00edstico Cultural Pedro Fajardo, de la Universidad Bolivariana de Venezuela inaugurar\u00e1 este 10 de mayo la Exposici\u00f3n en homenaje a Jes\u00fas Alexis Bello. La profesora Luzmila Guzm\u00e1n invit\u00f3 a toda la colectividad para la reapertura de la Casa Patrimonial Antonio Lauro, \u201cEste colectivo fue so\u00f1ado e ideado desde la Coordinaci\u00f3n de Cultura UBV [&hellip;]<\/p>\n","protected":false},"author":2,"featured_media":209977,"comment_status":"closed","ping_status":"closed","sticky":false,"template":"","format":"standard","meta":{"footnotes":""},"categories":[7],"tags":[],"class_list":{"0":"post-209981","1":"post","2":"type-post","3":"status-publish","4":"format-standard","5":"has-post-thumbnail","7":"category-entretenimiento"},"_links":{"self":[{"href":"https:\/\/elluchador.info\/index.php?rest_route=\/wp\/v2\/posts\/209981","targetHints":{"allow":["GET"]}}],"collection":[{"href":"https:\/\/elluchador.info\/index.php?rest_route=\/wp\/v2\/posts"}],"about":[{"href":"https:\/\/elluchador.info\/index.php?rest_route=\/wp\/v2\/types\/post"}],"author":[{"embeddable":true,"href":"https:\/\/elluchador.info\/index.php?rest_route=\/wp\/v2\/users\/2"}],"replies":[{"embeddable":true,"href":"https:\/\/elluchador.info\/index.php?rest_route=%2Fwp%2Fv2%2Fcomments&post=209981"}],"version-history":[{"count":1,"href":"https:\/\/elluchador.info\/index.php?rest_route=\/wp\/v2\/posts\/209981\/revisions"}],"predecessor-version":[{"id":209982,"href":"https:\/\/elluchador.info\/index.php?rest_route=\/wp\/v2\/posts\/209981\/revisions\/209982"}],"wp:featuredmedia":[{"embeddable":true,"href":"https:\/\/elluchador.info\/index.php?rest_route=\/wp\/v2\/media\/209977"}],"wp:attachment":[{"href":"https:\/\/elluchador.info\/index.php?rest_route=%2Fwp%2Fv2%2Fmedia&parent=209981"}],"wp:term":[{"taxonomy":"category","embeddable":true,"href":"https:\/\/elluchador.info\/index.php?rest_route=%2Fwp%2Fv2%2Fcategories&post=209981"},{"taxonomy":"post_tag","embeddable":true,"href":"https:\/\/elluchador.info\/index.php?rest_route=%2Fwp%2Fv2%2Ftags&post=209981"}],"curies":[{"name":"wp","href":"https:\/\/api.w.org\/{rel}","templated":true}]}}