{"id":210015,"date":"2022-05-10T10:40:19","date_gmt":"2022-05-10T14:40:19","guid":{"rendered":"https:\/\/elluchador.info\/web\/?p=210015"},"modified":"2022-05-10T10:40:19","modified_gmt":"2022-05-10T14:40:19","slug":"el-venezolano-gerardo-parra-anuncia-su-retiro-del-beisbol-profesional","status":"publish","type":"post","link":"https:\/\/elluchador.info\/?p=210015","title":{"rendered":"El venezolano Gerardo Parra anuncia su retiro del beisbol profesional"},"content":{"rendered":"<p>El venezolano acab\u00f3 su carrera con promedios de .275\/.322\/.403 con 1335 hits, 90 cuadrangulares, 97 bases robadas, 532 impulsadas en 1519 juegos totales disputados.<\/p>\n<p>El beisbolista zuliano\u00a0<strong>Gerardo Parra se retir\u00f3<\/strong>\u00a0oficialmente de las\u00a0Grandes Ligas\u00a0como jugador. El exjardinero de 35 a\u00f1os de edad deja el beisbol para dedicarse ahora a labores de oficina con\u00a0<strong>los Nacionales de Washington.<\/strong><\/p>\n<p>La noticia de su retiro la dio a conocer el locutor del equipo,\u00a0<strong>Dan Kolko<\/strong>\u00a0durante la transmisi\u00f3n del partido del domingo contra Dodgers de Los \u00c1ngeles. El retiro de Gerardo Parra ocurre tras<strong>\u00a012 temporadas en las ligas mayores del beisbol profesional,<\/strong>\u00a0donde ahora trabajar\u00e1 como asistente especial del gerente general de los Nacionales.<\/p>\n<p>La primera temporada de Parra con el equipo fue\u00a0<strong>en 2019.<\/strong>\u00a0El acuerdo surgi\u00f3 despu\u00e9s de que los Gigantes de San Francisco liberaran al beisbolista a principios de 2019. Tras su llegada al equipo, Parra se gan\u00f3 a los fan\u00e1ticos y a sus compa\u00f1eros.<\/p>\n<p>El Nacional<\/p>\n","protected":false},"excerpt":{"rendered":"<p>El venezolano acab\u00f3 su carrera con promedios de .275\/.322\/.403 con 1335 hits, 90 cuadrangulares, 97 bases robadas, 532 impulsadas en 1519 juegos totales disputados. El beisbolista zuliano\u00a0Gerardo Parra se retir\u00f3\u00a0oficialmente de las\u00a0Grandes Ligas\u00a0como jugador. El exjardinero de 35 a\u00f1os de edad deja el beisbol para dedicarse ahora a labores de oficina con\u00a0los Nacionales de Washington. [&hellip;]<\/p>\n","protected":false},"author":2,"featured_media":210016,"comment_status":"closed","ping_status":"closed","sticky":false,"template":"","format":"standard","meta":{"footnotes":""},"categories":[4,5],"tags":[],"class_list":{"0":"post-210015","1":"post","2":"type-post","3":"status-publish","4":"format-standard","5":"has-post-thumbnail","7":"category-deportes","8":"category-destacado"},"_links":{"self":[{"href":"https:\/\/elluchador.info\/index.php?rest_route=\/wp\/v2\/posts\/210015","targetHints":{"allow":["GET"]}}],"collection":[{"href":"https:\/\/elluchador.info\/index.php?rest_route=\/wp\/v2\/posts"}],"about":[{"href":"https:\/\/elluchador.info\/index.php?rest_route=\/wp\/v2\/types\/post"}],"author":[{"embeddable":true,"href":"https:\/\/elluchador.info\/index.php?rest_route=\/wp\/v2\/users\/2"}],"replies":[{"embeddable":true,"href":"https:\/\/elluchador.info\/index.php?rest_route=%2Fwp%2Fv2%2Fcomments&post=210015"}],"version-history":[{"count":1,"href":"https:\/\/elluchador.info\/index.php?rest_route=\/wp\/v2\/posts\/210015\/revisions"}],"predecessor-version":[{"id":210017,"href":"https:\/\/elluchador.info\/index.php?rest_route=\/wp\/v2\/posts\/210015\/revisions\/210017"}],"wp:featuredmedia":[{"embeddable":true,"href":"https:\/\/elluchador.info\/index.php?rest_route=\/wp\/v2\/media\/210016"}],"wp:attachment":[{"href":"https:\/\/elluchador.info\/index.php?rest_route=%2Fwp%2Fv2%2Fmedia&parent=210015"}],"wp:term":[{"taxonomy":"category","embeddable":true,"href":"https:\/\/elluchador.info\/index.php?rest_route=%2Fwp%2Fv2%2Fcategories&post=210015"},{"taxonomy":"post_tag","embeddable":true,"href":"https:\/\/elluchador.info\/index.php?rest_route=%2Fwp%2Fv2%2Ftags&post=210015"}],"curies":[{"name":"wp","href":"https:\/\/api.w.org\/{rel}","templated":true}]}}