{"id":210021,"date":"2022-05-10T11:05:42","date_gmt":"2022-05-10T15:05:42","guid":{"rendered":"https:\/\/elluchador.info\/web\/?p=210021"},"modified":"2022-05-10T11:05:42","modified_gmt":"2022-05-10T15:05:42","slug":"525-de-los-colombianos-esta-en-contra-de-la-regularizacion-de-los-migrantes-venezolanos","status":"publish","type":"post","link":"https:\/\/elluchador.info\/?p=210021","title":{"rendered":"52,5% de los colombianos est\u00e1 en contra de la regularizaci\u00f3n de los migrantes venezolanos"},"content":{"rendered":"<p>52,5% de los colombianos est\u00e1 en contra de la regularizaci\u00f3n de los migrantes venezolanos a trav\u00e9s del Estatuto Temporal de Proteccio\u0301n, una medida que aprob\u00f3 el gobierno de Iv\u00e1n Duque hace un a\u00f1o y que permite a los connacionales residir en dicho pa\u00eds por un periodo de 10 a\u00f1os.<\/p>\n<p>Una encuesta realizada por 40dB para el diario\u00a0<em><a href=\"https:\/\/elpais.com\/america-colombia\/2022-05-09\/una-mayoria-de-colombianos-esta-en-contra-de-la-regularizacion-de-los-migrantes-venezolanos-en-el-pais.html\" target=\"_blank\" rel=\"noopener noreferrer\">El Pa\u00eds<\/a><\/em>\u00a0de Espa\u00f1a revel\u00f3 que 42,4% de los colombianos se muestra de acuerdo con la medida, mientras que solo 12,9% manifest\u00f3 un apoyo fuerte.<\/p>\n<p>Los resultados del estudio mostraron que la sociedad colombiana est\u00e1 dividida respecto a las facilidades que el pa\u00eds deber\u00eda dar a los migrantes en general, no solo venezolanos.<\/p>\n<p>48,3% est\u00e1 bastante o muy de acuerdo con permitir reunificaciones familiares, frente a un 47,2% que no. Algunos m\u00e1s considerar\u00edan apropiado que puedan acceder a los mismos derechos y beneficios (54%) o a un puesto de trabajo (58%) que los nativos. Pero en todos los casos alrededor de cuatro de cada 10 apoyan poco o nada estas aproximaciones y en ninguno llega a 20% los que las apoyar\u00edan mucho.<\/p>\n<p>Entre 2017 y 2021 Colombia pas\u00f3 de albergar a menos de 100.000 ciudadanos venezolanos a m\u00e1s de mill\u00f3n y medio. Ante esta escalada, la opini\u00f3n de los colombianos se increment\u00f3 a 60% de desaprobaci\u00f3n,\u00a0seg\u00fan la encuesta bimensual de Invamer.<\/p>\n<p>Los colombianos no ignoran la situaci\u00f3n de partida de los reci\u00e9n llegados. Para una abrumadora mayor\u00eda (82,3%) la desigualdad entre migrantes y personas nacidas en el pa\u00eds es mucha o bastante. Al mismo tiempo, solo 14,7% de los encuestados admite que ser\u00eda un problema si su hija o hijo se casara con una persona migrante.<\/p>\n<p>La migraci\u00f3n es considerada como uno de los cinco principales problemas del pa\u00eds para uno de cada cinco encuestados. Esto se debe principalmente a que la sociedad colombiana est\u00e1 m\u00e1s acostumbrada a pensar en la migraci\u00f3n en t\u00e9rminos de salida que de llegada.<\/p>\n<p><a href=\"https:\/\/www.elnacional.com\/venezuela\/colombianos-que-retornan-a-su-pais-desde-venezuela-lo-hacen-de-forma-forzada\/\" target=\"_blank\" rel=\"noopener noreferrer\">Venezuela<\/a>\u00a0fue, durante los boyantes a\u00f1os noventa gracias a la industria petrolera, uno de los destinos predilectos de la migraci\u00f3n colombiana.<\/p>\n<p><strong>El Nacional<\/strong><\/p>\n","protected":false},"excerpt":{"rendered":"<p>52,5% de los colombianos est\u00e1 en contra de la regularizaci\u00f3n de los migrantes venezolanos a trav\u00e9s del Estatuto Temporal de Proteccio\u0301n, una medida que aprob\u00f3 el gobierno de Iv\u00e1n Duque hace un a\u00f1o y que permite a los connacionales residir en dicho pa\u00eds por un periodo de 10 a\u00f1os. Una encuesta realizada por 40dB para [&hellip;]<\/p>\n","protected":false},"author":2,"featured_media":210022,"comment_status":"closed","ping_status":"closed","sticky":false,"template":"","format":"standard","meta":{"footnotes":""},"categories":[5,8],"tags":[],"class_list":{"0":"post-210021","1":"post","2":"type-post","3":"status-publish","4":"format-standard","5":"has-post-thumbnail","7":"category-destacado","8":"category-internacionales"},"_links":{"self":[{"href":"https:\/\/elluchador.info\/index.php?rest_route=\/wp\/v2\/posts\/210021","targetHints":{"allow":["GET"]}}],"collection":[{"href":"https:\/\/elluchador.info\/index.php?rest_route=\/wp\/v2\/posts"}],"about":[{"href":"https:\/\/elluchador.info\/index.php?rest_route=\/wp\/v2\/types\/post"}],"author":[{"embeddable":true,"href":"https:\/\/elluchador.info\/index.php?rest_route=\/wp\/v2\/users\/2"}],"replies":[{"embeddable":true,"href":"https:\/\/elluchador.info\/index.php?rest_route=%2Fwp%2Fv2%2Fcomments&post=210021"}],"version-history":[{"count":1,"href":"https:\/\/elluchador.info\/index.php?rest_route=\/wp\/v2\/posts\/210021\/revisions"}],"predecessor-version":[{"id":210023,"href":"https:\/\/elluchador.info\/index.php?rest_route=\/wp\/v2\/posts\/210021\/revisions\/210023"}],"wp:featuredmedia":[{"embeddable":true,"href":"https:\/\/elluchador.info\/index.php?rest_route=\/wp\/v2\/media\/210022"}],"wp:attachment":[{"href":"https:\/\/elluchador.info\/index.php?rest_route=%2Fwp%2Fv2%2Fmedia&parent=210021"}],"wp:term":[{"taxonomy":"category","embeddable":true,"href":"https:\/\/elluchador.info\/index.php?rest_route=%2Fwp%2Fv2%2Fcategories&post=210021"},{"taxonomy":"post_tag","embeddable":true,"href":"https:\/\/elluchador.info\/index.php?rest_route=%2Fwp%2Fv2%2Ftags&post=210021"}],"curies":[{"name":"wp","href":"https:\/\/api.w.org\/{rel}","templated":true}]}}