{"id":210169,"date":"2022-05-11T18:44:32","date_gmt":"2022-05-11T22:44:32","guid":{"rendered":"https:\/\/elluchador.info\/web\/?p=210169"},"modified":"2022-05-11T18:44:32","modified_gmt":"2022-05-11T22:44:32","slug":"gobernacion-de-bolivar-reinauguro-casa-patrimonial-antonio-lauro","status":"publish","type":"post","link":"https:\/\/elluchador.info\/?p=210169","title":{"rendered":"Gobernaci\u00f3n de Bol\u00edvar reinaugur\u00f3 Casa Patrimonial \u201cAntonio Lauro\u201d"},"content":{"rendered":"<p>En ocasi\u00f3n de conmemorarse el trig\u00e9simo noveno aniversario del D\u00eda Nacional del Artista Pl\u00e1stico, la Gobernaci\u00f3n del estado Bol\u00edvar realiz\u00f3 la reinauguraci\u00f3n de la Casa Patrimonial \u201cAntonio Lauro\u201d en el municipio Angostura del Orinoco.<\/p>\n<p>La actividad se llev\u00f3 a cabo con presentaci\u00f3n y exposici\u00f3n de piezas musicales y art\u00edsticas, del hoy trascendido, maestro, Alexis Bello.<\/p>\n<p><img loading=\"lazy\" decoding=\"async\" class=\"alignnone size-medium wp-image-210172\" src=\"https:\/\/elluchador.info\/web\/wp-content\/uploads\/2022\/05\/3-2-300x135.jpg\" alt=\"\" width=\"300\" height=\"135\" srcset=\"https:\/\/elluchador.info\/wp-content\/uploads\/2022\/05\/3-2-300x135.jpg 300w, https:\/\/elluchador.info\/wp-content\/uploads\/2022\/05\/3-2-768x346.jpg 768w, https:\/\/elluchador.info\/wp-content\/uploads\/2022\/05\/3-2-933x420.jpg 933w, https:\/\/elluchador.info\/wp-content\/uploads\/2022\/05\/3-2-640x288.jpg 640w, https:\/\/elluchador.info\/wp-content\/uploads\/2022\/05\/3-2-681x306.jpg 681w, https:\/\/elluchador.info\/wp-content\/uploads\/2022\/05\/3-2.jpg 1000w\" sizes=\"auto, (max-width: 300px) 100vw, 300px\" \/><\/p>\n<p>Con el discurso de apertura por parte de Jorel P\u00e9rez Lugo, actor de la localidad, se dio paso a una representaci\u00f3n teatral, a trav\u00e9s de las actrices Yunimar Colina y Luzmila Guzm\u00e1n, que marcaron la reapertura de la ic\u00f3nica casa, de tan distinguido personaje de la hist\u00f3rica Angostura del Orinoco, el maestro \u201cAntonio Lauro\u201d.<\/p>\n<p>Desde el cuadril\u00e1tero hist\u00f3rico de la patria en Angostura del Orinoco, y siguiendo la Agenda Concreta de Acci\u00f3n (ACA) emanada por el presidente Nicol\u00e1s Maduro, en sinergia con el gobernador, \u00c1ngel Marcano, el alcalde Sergio Hern\u00e1ndez y todo el gabinete de trabajo de la Secretar\u00eda Cultural de la Gobernaci\u00f3n del estado Bol\u00edvar, bajo la direcci\u00f3n del poeta Neptal\u00ed Hurtado, se reunieron en favor del rescate de la cultura y los valores que evoca tan emblem\u00e1tico escenario.<\/p>\n<p><strong>Espacios culturales <\/strong><\/p>\n<p>\u201cTenemos una misi\u00f3n, tratar de construir la vida, con la apertura de las ventanas renace la vida, para seguir construyendo el renacer de un proyecto revolucionario, a trav\u00e9s de la cultura\u201d. Refiri\u00f3 Hurtado.<\/p>\n<p>El secretario de Cultura regional agradeci\u00f3 al Colectivo Art\u00edstico Cultural, maestro Pedro Fajardo, encabezado por Luzmila Guzm\u00e1n, Raimundo Bulnes, Jeovanni Escala, Yunimar Colina, Johan P\u00e9rez Lugo, Jorel P\u00e9rez Lugo, \u00c1ngel Daniel Morales, artistas y profesionales por elevar el renacer de la magia que trae la m\u00fasica y dem\u00e1s expresiones art\u00edsticas al cuadril\u00e1tero cultural de la Patria.<\/p>\n<p>La actividad cont\u00f3 con la presencia del representante del Ministerio del poder 0opular para la Cultura en el estado Bol\u00edvar, Daniel Guerra, quien ratific\u00f3 todo el apoyo necesario para el renacer de la cultura en la entidad bolivarense.<\/p>\n<p><strong>Construyendo la cultura <\/strong><\/p>\n<p>Por su Parte, Luzmila Guzm\u00e1n, en representaci\u00f3n del Colectivo Art\u00edstico Cultural, maestro Pedro Fajardo, llev\u00f3 la direcci\u00f3n de la actividad, agradeci\u00f3 al poeta Neptal\u00ed Hurtado por todo el apoyo, a trav\u00e9s de la Direcci\u00f3n de Patrimonio Hist\u00f3rico, a cargo de la arquitecta, Fanny Astudillo, a Alejandro Vald\u00e9z, director de Fortalecimiento y Ra\u00edces Culturales, a Jes\u00fas Le\u00f3n, director de Desarrollo Cultural y dem\u00e1s autoridades regionales.<\/p>\n<p>El secretario Cultural extendi\u00f3 palabras de felicitaciones a todos los artistas en su d\u00eda, e invit\u00f3 a seguir construyendo la cultura en esta nueva etapa del renacer de la patria.<\/p>\n<p>Agradeci\u00f3 a la Red de Artes, bajo la direcci\u00f3n de Argenis Gonz\u00e1lez y Antonieta Le\u00f3n de Bello, viuda del artista pl\u00e1stico Alexis Bello, y a la cronista de la ciudad, Am\u00e9rica Fern\u00e1ndez, por su gentil asistencia a la actividad.<\/p>\n<p>\u201cCon este brindis dimos apertura a una serie de actividades art\u00edsticas y culturales, para seguir dinamizando y darle vida a los museos y dem\u00e1s Casas Patrimoniales. Felicidades a todos los artistas en su d\u00eda\u201d, finaliz\u00f3, Hurtado. <strong>Prensa Gobernaci\u00f3n de Bol\u00edvar.<\/strong><\/p>\n","protected":false},"excerpt":{"rendered":"<p>En ocasi\u00f3n de conmemorarse el trig\u00e9simo noveno aniversario del D\u00eda Nacional del Artista Pl\u00e1stico, la Gobernaci\u00f3n del estado Bol\u00edvar realiz\u00f3 la reinauguraci\u00f3n de la Casa Patrimonial \u201cAntonio Lauro\u201d en el municipio Angostura del Orinoco. La actividad se llev\u00f3 a cabo con presentaci\u00f3n y exposici\u00f3n de piezas musicales y art\u00edsticas, del hoy trascendido, maestro, Alexis Bello. [&hellip;]<\/p>\n","protected":false},"author":2,"featured_media":210171,"comment_status":"closed","ping_status":"closed","sticky":false,"template":"","format":"standard","meta":{"footnotes":""},"categories":[5,12],"tags":[],"class_list":{"0":"post-210169","1":"post","2":"type-post","3":"status-publish","4":"format-standard","5":"has-post-thumbnail","7":"category-destacado","8":"category-regionales"},"_links":{"self":[{"href":"https:\/\/elluchador.info\/index.php?rest_route=\/wp\/v2\/posts\/210169","targetHints":{"allow":["GET"]}}],"collection":[{"href":"https:\/\/elluchador.info\/index.php?rest_route=\/wp\/v2\/posts"}],"about":[{"href":"https:\/\/elluchador.info\/index.php?rest_route=\/wp\/v2\/types\/post"}],"author":[{"embeddable":true,"href":"https:\/\/elluchador.info\/index.php?rest_route=\/wp\/v2\/users\/2"}],"replies":[{"embeddable":true,"href":"https:\/\/elluchador.info\/index.php?rest_route=%2Fwp%2Fv2%2Fcomments&post=210169"}],"version-history":[{"count":1,"href":"https:\/\/elluchador.info\/index.php?rest_route=\/wp\/v2\/posts\/210169\/revisions"}],"predecessor-version":[{"id":210176,"href":"https:\/\/elluchador.info\/index.php?rest_route=\/wp\/v2\/posts\/210169\/revisions\/210176"}],"wp:featuredmedia":[{"embeddable":true,"href":"https:\/\/elluchador.info\/index.php?rest_route=\/wp\/v2\/media\/210171"}],"wp:attachment":[{"href":"https:\/\/elluchador.info\/index.php?rest_route=%2Fwp%2Fv2%2Fmedia&parent=210169"}],"wp:term":[{"taxonomy":"category","embeddable":true,"href":"https:\/\/elluchador.info\/index.php?rest_route=%2Fwp%2Fv2%2Fcategories&post=210169"},{"taxonomy":"post_tag","embeddable":true,"href":"https:\/\/elluchador.info\/index.php?rest_route=%2Fwp%2Fv2%2Ftags&post=210169"}],"curies":[{"name":"wp","href":"https:\/\/api.w.org\/{rel}","templated":true}]}}