{"id":210177,"date":"2022-05-11T18:45:45","date_gmt":"2022-05-11T22:45:45","guid":{"rendered":"https:\/\/elluchador.info\/web\/?p=210177"},"modified":"2022-05-11T18:45:45","modified_gmt":"2022-05-11T22:45:45","slug":"instituto-mama-rosa-rinde-homenaje-a-las-enfermeras-en-su-dia","status":"publish","type":"post","link":"https:\/\/elluchador.info\/?p=210177","title":{"rendered":"Instituto \u201cMam\u00e1 Rosa\u201d rinde homenaje a las Enfermeras en su d\u00eda\u00a0"},"content":{"rendered":"<p>En el marco del D\u00eda Internacional de la Enfermera, el gobierno de \u00c1ngel Marcano a trav\u00e9s del Instituto Aut\u00f3nomo Regional de la Mujer *Mam\u00e1 Rosa* llev\u00f3 a cabo una jornada medico asistencial con consultas ginecol\u00f3gicas y tomas de muestras de citolog\u00edas, para conmemorar as\u00ed a las enfermeras en su d\u00eda.<\/p>\n<p>&nbsp;<\/p>\n<p>La primera combatiente del estado y presidenta del Instituto Aut\u00f3nomo Regional de la Mujer \u201cMam\u00e1 Rosa\u201d, Yajaira Arocha de Marcano, agradeci\u00f3 el apoyo brindado por parte de ese personal que realiza una loable labor por la familias bolivarenses, y desde este renacer de Bol\u00edvar profundiza el sistema de salud p\u00fablica en la entidad.<\/p>\n<p>&nbsp;<\/p>\n<p>Durante la actividad, se realiz\u00f3 una charla en materia de Violencia de G\u00e9nero, por parte del equipo del Ministerio de la Mujer, con el objetivo de seguir concientizando a las f\u00e9minas para denunciar a tiempo y as\u00ed disminuir los niveles de casos en cualquiera de sus manifestaciones.<\/p>\n<p>&nbsp;<\/p>\n<p>Yajaira Arocha de Marcano enfatiz\u00f3 el despliegue que viene realizando el Instituto Mam\u00e1 Rosa, talento humano dedicado a garantizar la debida asistencia a las familias bolivarenses, contando siempre con la mano amiga del gobernador \u00c1ngel Marcano \u00abnuestra prioridad es la salud del pueblo, y por eso seguiremos trabajando para que el sistema de salud p\u00fablica en nuestro estado contin\u00fae renaciendo\u00bb.<\/p>\n<p>&nbsp;<\/p>\n<p><strong>Enfermeras agradecidas<\/strong><\/p>\n<p>&nbsp;<\/p>\n<p>Belkis Caraballo, jefa regional de Enfermer\u00eda del Instituto de Salud P\u00fablica del estado, manifest\u00f3 \u00absentirse agradecida con el gobernador \u00c1ngel Marcano y la primera combatiente Yajaira Arocha de Marcano, por esta bonita iniciativa de atender al personal de enfermer\u00eda, quien necesitaba ese abrazo que consiguieron en la gesti\u00f3n Bol\u00edvar Renace\u00bb.<\/p>\n<p>&nbsp;<\/p>\n<p>Iraima Mart\u00ednez, enfermera del ambulatorio Sabanita II, expres\u00f3 que este tipo de actividad motiva al equipo de mujeres de enfermer\u00eda, a seguir trabajando por el fortalecimiento del sistema de salud p\u00fablico desde los diferentes espacios.<\/p>\n<p>&nbsp;<\/p>\n<p>El gobierno de \u00c1ngel Marcano contin\u00faa promoviendo el bienestar social en el sector salud, donde se visualiza el compromiso adquirido por la revoluci\u00f3n liderada por el presidente Nicol\u00e1s Maduro<strong>. Prensa FSBol\u00edvar.<\/strong><\/p>\n<p><strong>\u00a0<\/strong><\/p>\n","protected":false},"excerpt":{"rendered":"<p>En el marco del D\u00eda Internacional de la Enfermera, el gobierno de \u00c1ngel Marcano a trav\u00e9s del Instituto Aut\u00f3nomo Regional de la Mujer *Mam\u00e1 Rosa* llev\u00f3 a cabo una jornada medico asistencial con consultas ginecol\u00f3gicas y tomas de muestras de citolog\u00edas, para conmemorar as\u00ed a las enfermeras en su d\u00eda. &nbsp; La primera combatiente del [&hellip;]<\/p>\n","protected":false},"author":2,"featured_media":210175,"comment_status":"closed","ping_status":"closed","sticky":false,"template":"","format":"standard","meta":{"footnotes":""},"categories":[12],"tags":[],"class_list":{"0":"post-210177","1":"post","2":"type-post","3":"status-publish","4":"format-standard","5":"has-post-thumbnail","7":"category-regionales"},"_links":{"self":[{"href":"https:\/\/elluchador.info\/index.php?rest_route=\/wp\/v2\/posts\/210177","targetHints":{"allow":["GET"]}}],"collection":[{"href":"https:\/\/elluchador.info\/index.php?rest_route=\/wp\/v2\/posts"}],"about":[{"href":"https:\/\/elluchador.info\/index.php?rest_route=\/wp\/v2\/types\/post"}],"author":[{"embeddable":true,"href":"https:\/\/elluchador.info\/index.php?rest_route=\/wp\/v2\/users\/2"}],"replies":[{"embeddable":true,"href":"https:\/\/elluchador.info\/index.php?rest_route=%2Fwp%2Fv2%2Fcomments&post=210177"}],"version-history":[{"count":1,"href":"https:\/\/elluchador.info\/index.php?rest_route=\/wp\/v2\/posts\/210177\/revisions"}],"predecessor-version":[{"id":210179,"href":"https:\/\/elluchador.info\/index.php?rest_route=\/wp\/v2\/posts\/210177\/revisions\/210179"}],"wp:featuredmedia":[{"embeddable":true,"href":"https:\/\/elluchador.info\/index.php?rest_route=\/wp\/v2\/media\/210175"}],"wp:attachment":[{"href":"https:\/\/elluchador.info\/index.php?rest_route=%2Fwp%2Fv2%2Fmedia&parent=210177"}],"wp:term":[{"taxonomy":"category","embeddable":true,"href":"https:\/\/elluchador.info\/index.php?rest_route=%2Fwp%2Fv2%2Fcategories&post=210177"},{"taxonomy":"post_tag","embeddable":true,"href":"https:\/\/elluchador.info\/index.php?rest_route=%2Fwp%2Fv2%2Ftags&post=210177"}],"curies":[{"name":"wp","href":"https:\/\/api.w.org\/{rel}","templated":true}]}}