{"id":210649,"date":"2022-05-17T10:50:52","date_gmt":"2022-05-17T14:50:52","guid":{"rendered":"https:\/\/elluchador.info\/web\/?p=210649"},"modified":"2022-05-17T10:34:11","modified_gmt":"2022-05-17T14:34:11","slug":"ue-dara-fuerte-apoyo-al-ingreso-de-finlandia-y-suecia-en-la-otan","status":"publish","type":"post","link":"https:\/\/elluchador.info\/?p=210649","title":{"rendered":"UE dar\u00e1 \u201cfuerte apoyo\u201d al ingreso de Finlandia y Suecia en la OTAN"},"content":{"rendered":"<p>Los ministros de Defensa de la Uni\u00f3n Europea dar\u00e1n un \u201cfuerte apoyo\u201d a la decisi\u00f3n de Finlandia y Suecia de solicitar su entrada en la OTAN durante el Consejo que celebran este martes en Bruselas, asegur\u00f3 el alto representante de la UE para Asuntos Exteriores, Josep Borrell.<\/p>\n<p>\u201cEstoy seguro de que recibir\u00e1n un fuerte apoyo por parte de todos los Estados miembros, porque incrementa nuestra unidad y nos hace m\u00e1s fuertes\u201d, afirm\u00f3 Borrell ante la prensa a su llegada al Consejo.<\/p>\n<p>El jefe de la diplomacia comunitaria tambi\u00e9n confi\u00f3 en que Turqu\u00eda levante sus reservas a esa adhesi\u00f3n.<br \/>\n\u201cS\u00e9 que Turqu\u00eda ha puesto algunas objeciones, espero que la OTAN pueda superarlas; pero por parte del Consejo de Defensa, fuerte apoyo a esa membres\u00eda\u201d, enfatiz\u00f3.<\/p>\n<p>Borrell consider\u00f3 que el acercamiento a la Alianza Atl\u00e1ntica de Suecia y Finlandia, hasta ahora neutrales en el \u00e1mbito de la defensa, \u201ces justo lo contrario de lo que quer\u00eda conseguir (el presidente ruso, Vlad\u00edmir) Putin, que intentaba detener el desarrollo de la OTAN en las fronteras de Rusia y ahora lo contrario est\u00e1 ocurriendo\u201d.<\/p>\n<p>\u201cY creo que es una muy buena noticia para la UE, porque nos refuerza y nos da m\u00e1s capacidad para reaccionar ante una amenaza en la frontera\u201d, apunt\u00f3.<\/p>\n<p>Por su parte, el ministro luxemburgu\u00e9s de Defensa, Fran\u00e7ois Bausch, consider\u00f3 que Turqu\u00eda deber\u00eda ser \u00abrazonable\u00bb y asegur\u00f3 que la entrada de Suecia y Finlandia en la OTAN \u00abfortalecer\u00e1 y reforzar\u00e1\u00bb la Alianza.<\/p>\n<p>\u00abFinlandia y Suecia deben tener su lugar dentro de la OTAN y espero que las pr\u00f3ximas horas clarifiquen la situaci\u00f3n, de forma que en verano, primero el 16 y 17 de junio, cuando los ministros de Defensa tendr\u00e1n su reuni\u00f3n en Bruselas, la reuni\u00f3n de la OTAN en Bruselas, y despu\u00e9s la cumbre en Madrid, tomen realmente posiciones para que Finlandia y Suecia puedan unirse a la OTAN\u00bb, coment\u00f3.<\/p>\n<p>Dijo que \u00abnadie entender\u00eda\u00bb que se rechazara la entrada de los dos pa\u00edses en la Alianza y subray\u00f3 que en el actual contexto \u00abes mucho m\u00e1s c\u00f3modo vivir bajo el paraguas de la OTAN\u00bb, por lo que calific\u00f3 de \u00abbuena idea\u00bb que los otros cuatro pa\u00edses de la UE que tampoco son miembros de la Alianza (Austria, Irlanda, Chipre y Malta) se sumaran a la organizaci\u00f3n transatl\u00e1ntica.<\/p>\n<p>Borrell tambi\u00e9n dijo que los ministros europeos abordar\u00e1n hoy un informe que ha elaborado junto a la Comisi\u00f3n Europea y con el apoyo de la Agencia Europea de Defensa (EDA) sobre carencias militares en los Estados miembros.<\/p>\n<p>Explic\u00f3 que los l\u00edderes de la UE tratar\u00e1n en su cumbre extraordinaria del 30 y 31 de mayo en la capital belga \u201ccu\u00e1nto los europeos tienen que invertir para incrementar sus capacidades de defensa frente a nuevas amenazas y desaf\u00edos que estamos afrontando\u201d.<\/p>\n<p>Los ministros europeos abordar\u00e1n hoy asimismo la situaci\u00f3n en Ucrania con su ministro de Defensa, Oleksii Reznikov, y con el secretario general de la OTAN, Jens Stoltenberg, que participar\u00e1n tambi\u00e9n en la reuni\u00f3n.<\/p>\n<p>\u201cLos ucranianos est\u00e1n resistiendo muy ferozmente, el resultado de la guerra en este momento no est\u00e1 cumpliendo con las expectativas rusas\u201d, indic\u00f3 Borrell, que a\u00f1adi\u00f3 que el Ej\u00e9rcito ruso \u201cest\u00e1 siendo detenido por los ucranianos y tenemos que seguir apoy\u00e1ndolos con armas\u201d.<\/p>\n<p>Por ello, asegur\u00f3 que la UE aportar\u00e1 a Ucrania otros 500 millones de euros procedentes del Fondo Europeo de Apoyo a la Paz, de forma que ya ascender\u00e1 a 2.000 millones la ayuda comunitaria para financiar armas para Kiev.<\/p>\n<p>Por \u00faltimo, los ministros de Defensa de la UE analizar\u00e1n hoy la situaci\u00f3n en Mali, pa\u00eds que ha decidido abandonar el grupo G5 Sahel.<\/p>\n<p>\u201cEs muy mala noticia porque nos debilita en la situaci\u00f3n en Mali\u201d, coment\u00f3 Borrell.<\/p>\n<p>EFE<\/p>\n","protected":false},"excerpt":{"rendered":"<p>Los ministros de Defensa de la Uni\u00f3n Europea dar\u00e1n un \u201cfuerte apoyo\u201d a la decisi\u00f3n de Finlandia y Suecia de solicitar su entrada en la OTAN durante el Consejo que celebran este martes en Bruselas, asegur\u00f3 el alto representante de la UE para Asuntos Exteriores, Josep Borrell. \u201cEstoy seguro de que recibir\u00e1n un fuerte apoyo [&hellip;]<\/p>\n","protected":false},"author":19,"featured_media":210650,"comment_status":"closed","ping_status":"closed","sticky":false,"template":"","format":"standard","meta":{"footnotes":""},"categories":[8],"tags":[],"class_list":{"0":"post-210649","1":"post","2":"type-post","3":"status-publish","4":"format-standard","5":"has-post-thumbnail","7":"category-internacionales"},"_links":{"self":[{"href":"https:\/\/elluchador.info\/index.php?rest_route=\/wp\/v2\/posts\/210649","targetHints":{"allow":["GET"]}}],"collection":[{"href":"https:\/\/elluchador.info\/index.php?rest_route=\/wp\/v2\/posts"}],"about":[{"href":"https:\/\/elluchador.info\/index.php?rest_route=\/wp\/v2\/types\/post"}],"author":[{"embeddable":true,"href":"https:\/\/elluchador.info\/index.php?rest_route=\/wp\/v2\/users\/19"}],"replies":[{"embeddable":true,"href":"https:\/\/elluchador.info\/index.php?rest_route=%2Fwp%2Fv2%2Fcomments&post=210649"}],"version-history":[{"count":1,"href":"https:\/\/elluchador.info\/index.php?rest_route=\/wp\/v2\/posts\/210649\/revisions"}],"predecessor-version":[{"id":210651,"href":"https:\/\/elluchador.info\/index.php?rest_route=\/wp\/v2\/posts\/210649\/revisions\/210651"}],"wp:featuredmedia":[{"embeddable":true,"href":"https:\/\/elluchador.info\/index.php?rest_route=\/wp\/v2\/media\/210650"}],"wp:attachment":[{"href":"https:\/\/elluchador.info\/index.php?rest_route=%2Fwp%2Fv2%2Fmedia&parent=210649"}],"wp:term":[{"taxonomy":"category","embeddable":true,"href":"https:\/\/elluchador.info\/index.php?rest_route=%2Fwp%2Fv2%2Fcategories&post=210649"},{"taxonomy":"post_tag","embeddable":true,"href":"https:\/\/elluchador.info\/index.php?rest_route=%2Fwp%2Fv2%2Ftags&post=210649"}],"curies":[{"name":"wp","href":"https:\/\/api.w.org\/{rel}","templated":true}]}}