{"id":210658,"date":"2022-05-17T10:51:59","date_gmt":"2022-05-17T14:51:59","guid":{"rendered":"https:\/\/elluchador.info\/web\/?p=210658"},"modified":"2022-05-17T10:51:59","modified_gmt":"2022-05-17T14:51:59","slug":"serie-black-mirror-tendra-sexta-temporada-en-netflix","status":"publish","type":"post","link":"https:\/\/elluchador.info\/?p=210658","title":{"rendered":"Serie \u00abBlack Mirror\u00bb tendr\u00e1 sexta temporada en Netflix"},"content":{"rendered":"<p>La serie \u00abBlack Mirror\u00bb tendr\u00e1 sexta temporada, podr\u00e1 verse en Netflix y sus productores ya se encuentran trabajando en el casting, inform\u00f3 este lunes en exclusiva el medio especializado Variety.<\/p>\n<p>La noticia sorprendi\u00f3 a los seguidores de esta producci\u00f3n de ciencia ficci\u00f3n porque su creador, Charlie Brooker, afirm\u00f3 hace dos a\u00f1os que \u00abel mundo ya era demasiado oscuro\u00bb para hacer otra temporada de \u00abBlack Mirror\u00bb.<\/p>\n<p>Seg\u00fan Variety, la plataforma Netflix, que cuenta con los derechos de la serie, est\u00e1 trabajando en el casting del que saldr\u00e1 el elenco para protagonizar la nueva entrega de \u00abBlack Mirror\u00bb.<\/p>\n<p>El reparto de la quinta temporada estuvo conformado por Andrew Scott, Anthony Mackie, Yahya Abul-Mateen II, Topher Grace y Miley Cirus.<\/p>\n<p>De acuerdo con esta informaci\u00f3n, el n\u00famero de cap\u00edtulos de la sexta parte de \u00abBlack Mirror\u00bb superar\u00e1 al de la anterior, que cont\u00f3 \u00fanicamente con tres episodios.<\/p>\n<p>Por el momento, se desconocen m\u00e1s detalles sobre su fecha de estreno y de las tem\u00e1ticas que abordar\u00e1 esta entrega que, adem\u00e1s, evolucionar\u00e1 hacia una imagen y un estilo m\u00e1s cinematogr\u00e1ficos.<\/p>\n<p>La serie, que puso el foco sobre el lado m\u00e1s turbio de la tecnolog\u00eda y su impacto en la sociedad, regresar\u00e1 con la incertidumbre para el p\u00fablico de si incorporar\u00e1 alguna referencia a la pandemia de la covid-19.<\/p>\n<p>EFE\/Uni\u00f3n Radio<\/p>\n","protected":false},"excerpt":{"rendered":"<p>La serie \u00abBlack Mirror\u00bb tendr\u00e1 sexta temporada, podr\u00e1 verse en Netflix y sus productores ya se encuentran trabajando en el casting, inform\u00f3 este lunes en exclusiva el medio especializado Variety. La noticia sorprendi\u00f3 a los seguidores de esta producci\u00f3n de ciencia ficci\u00f3n porque su creador, Charlie Brooker, afirm\u00f3 hace dos a\u00f1os que \u00abel mundo ya [&hellip;]<\/p>\n","protected":false},"author":19,"featured_media":210659,"comment_status":"closed","ping_status":"closed","sticky":false,"template":"","format":"standard","meta":{"footnotes":""},"categories":[7],"tags":[],"class_list":{"0":"post-210658","1":"post","2":"type-post","3":"status-publish","4":"format-standard","5":"has-post-thumbnail","7":"category-entretenimiento"},"_links":{"self":[{"href":"https:\/\/elluchador.info\/index.php?rest_route=\/wp\/v2\/posts\/210658","targetHints":{"allow":["GET"]}}],"collection":[{"href":"https:\/\/elluchador.info\/index.php?rest_route=\/wp\/v2\/posts"}],"about":[{"href":"https:\/\/elluchador.info\/index.php?rest_route=\/wp\/v2\/types\/post"}],"author":[{"embeddable":true,"href":"https:\/\/elluchador.info\/index.php?rest_route=\/wp\/v2\/users\/19"}],"replies":[{"embeddable":true,"href":"https:\/\/elluchador.info\/index.php?rest_route=%2Fwp%2Fv2%2Fcomments&post=210658"}],"version-history":[{"count":1,"href":"https:\/\/elluchador.info\/index.php?rest_route=\/wp\/v2\/posts\/210658\/revisions"}],"predecessor-version":[{"id":210660,"href":"https:\/\/elluchador.info\/index.php?rest_route=\/wp\/v2\/posts\/210658\/revisions\/210660"}],"wp:featuredmedia":[{"embeddable":true,"href":"https:\/\/elluchador.info\/index.php?rest_route=\/wp\/v2\/media\/210659"}],"wp:attachment":[{"href":"https:\/\/elluchador.info\/index.php?rest_route=%2Fwp%2Fv2%2Fmedia&parent=210658"}],"wp:term":[{"taxonomy":"category","embeddable":true,"href":"https:\/\/elluchador.info\/index.php?rest_route=%2Fwp%2Fv2%2Fcategories&post=210658"},{"taxonomy":"post_tag","embeddable":true,"href":"https:\/\/elluchador.info\/index.php?rest_route=%2Fwp%2Fv2%2Ftags&post=210658"}],"curies":[{"name":"wp","href":"https:\/\/api.w.org\/{rel}","templated":true}]}}