{"id":210685,"date":"2022-05-17T11:42:34","date_gmt":"2022-05-17T15:42:34","guid":{"rendered":"https:\/\/elluchador.info\/web\/?p=210685"},"modified":"2022-05-17T11:42:34","modified_gmt":"2022-05-17T15:42:34","slug":"oms-pidio-a-norcorea-que-de-mas-datos-sobre-su-brote-de-covid-y-acepte-vacunas","status":"publish","type":"post","link":"https:\/\/elluchador.info\/?p=210685","title":{"rendered":"OMS pidi\u00f3 a Norcorea que d\u00e9 m\u00e1s datos sobre su brote de Covid y acepte vacunas"},"content":{"rendered":"<p>La Organizaci\u00f3n Mundial de la Salud (OMS) expres\u00f3 preocupaci\u00f3n por el primer brote de Covid declarado en Corea del Norte, con m\u00e1s de 1,8 millones de casos sospechosos desde abril y pidi\u00f3 a su Gobierno que d\u00e9 informaci\u00f3n completa sobre el alcance de la crisis y acepte ayuda para atajarla.<\/p>\n<p>\u00abHemos solicitado a Corea del Norte que comparta datos e informaci\u00f3n, y les ofrecemos apoyo t\u00e9cnico y suministros que incluyen test, diagn\u00f3sticos, medicinas esenciales y vacunas ya listas para llegar al pa\u00eds\u00bb, se\u00f1al\u00f3 en una rueda de prensa el director general de la OMS, el et\u00edope Tedros Adhanom Ghebreyesus.<\/p>\n<p>El m\u00e1ximo responsable de la OMS asegur\u00f3 que est\u00e1 especialmente preocupado por el hecho de que no hubo ninguna campa\u00f1a de vacunaci\u00f3n anticovid entre la poblaci\u00f3n norcoreana, \u00aby muchas personas padecen problemas previos de salud que les ponen en riesgo de desarrollar formas graves o mortales de la enfermedad\u00bb.<\/p>\n<p>La prensa estatal norcoreana inform\u00f3 de seis nuevas muertes por Covid en el pa\u00eds, que suma 56 fallecidos, mientras m\u00e1s de 663 mil personas est\u00e1n en tratamiento.<\/p>\n<p>EFE<\/p>\n","protected":false},"excerpt":{"rendered":"<p>La Organizaci\u00f3n Mundial de la Salud (OMS) expres\u00f3 preocupaci\u00f3n por el primer brote de Covid declarado en Corea del Norte, con m\u00e1s de 1,8 millones de casos sospechosos desde abril y pidi\u00f3 a su Gobierno que d\u00e9 informaci\u00f3n completa sobre el alcance de la crisis y acepte ayuda para atajarla. \u00abHemos solicitado a Corea del [&hellip;]<\/p>\n","protected":false},"author":19,"featured_media":210686,"comment_status":"closed","ping_status":"closed","sticky":false,"template":"","format":"standard","meta":{"footnotes":""},"categories":[8],"tags":[],"class_list":{"0":"post-210685","1":"post","2":"type-post","3":"status-publish","4":"format-standard","5":"has-post-thumbnail","7":"category-internacionales"},"_links":{"self":[{"href":"https:\/\/elluchador.info\/index.php?rest_route=\/wp\/v2\/posts\/210685","targetHints":{"allow":["GET"]}}],"collection":[{"href":"https:\/\/elluchador.info\/index.php?rest_route=\/wp\/v2\/posts"}],"about":[{"href":"https:\/\/elluchador.info\/index.php?rest_route=\/wp\/v2\/types\/post"}],"author":[{"embeddable":true,"href":"https:\/\/elluchador.info\/index.php?rest_route=\/wp\/v2\/users\/19"}],"replies":[{"embeddable":true,"href":"https:\/\/elluchador.info\/index.php?rest_route=%2Fwp%2Fv2%2Fcomments&post=210685"}],"version-history":[{"count":1,"href":"https:\/\/elluchador.info\/index.php?rest_route=\/wp\/v2\/posts\/210685\/revisions"}],"predecessor-version":[{"id":210687,"href":"https:\/\/elluchador.info\/index.php?rest_route=\/wp\/v2\/posts\/210685\/revisions\/210687"}],"wp:featuredmedia":[{"embeddable":true,"href":"https:\/\/elluchador.info\/index.php?rest_route=\/wp\/v2\/media\/210686"}],"wp:attachment":[{"href":"https:\/\/elluchador.info\/index.php?rest_route=%2Fwp%2Fv2%2Fmedia&parent=210685"}],"wp:term":[{"taxonomy":"category","embeddable":true,"href":"https:\/\/elluchador.info\/index.php?rest_route=%2Fwp%2Fv2%2Fcategories&post=210685"},{"taxonomy":"post_tag","embeddable":true,"href":"https:\/\/elluchador.info\/index.php?rest_route=%2Fwp%2Fv2%2Ftags&post=210685"}],"curies":[{"name":"wp","href":"https:\/\/api.w.org\/{rel}","templated":true}]}}