{"id":210772,"date":"2022-05-18T10:33:59","date_gmt":"2022-05-18T14:33:59","guid":{"rendered":"https:\/\/elluchador.info\/web\/?p=210772"},"modified":"2022-05-18T10:33:59","modified_gmt":"2022-05-18T14:33:59","slug":"murio-migrante-venezolano-al-tratar-de-cruzar-a-chile-desde-bolivia","status":"publish","type":"post","link":"https:\/\/elluchador.info\/?p=210772","title":{"rendered":"Muri\u00f3 migrante venezolano al tratar de cruzar a Chile desde Bolivia"},"content":{"rendered":"<p>Un migrante de 83 a\u00f1os, de nacionalizad venezolana, falleci\u00f3 este martes en el norte de Chile tras cruzar la frontera desde Bolivia cerca de la localidad de Colchane.<\/p>\n<p>El Servicio de Salud de este peque\u00f1o pueblo fronterizo inform\u00f3 del deceso y explic\u00f3 que el cuerpo fue encontrado en el sector del Salar de Coipasa, a 3.600 kil\u00f3metros de altura en medio del desierto, seg\u00fan consignan medios locales.<\/p>\n<p>El migrante fue identificado como Humberto Jos\u00e9 \u00c1vila \u00c1vila, originario de Maracaibo, en Venezuela, y seg\u00fan su hermana, que viajaba con \u00e9l, padec\u00eda de hipertensi\u00f3n.<\/p>\n<p>\u00abEsta muerte duele porque se trata de un adulto mayor que decide emprender una traves\u00eda imposible\u201d, precis\u00f3 el alcalde de Colchane, Javier Garc\u00eda.<\/p>\n<p>\u00abSu muerte nos indica que la migraci\u00f3n no se ha detenido\u00bb, agreg\u00f3.<\/p>\n<p>Los inclementes pasos altipl\u00e1nicos son la principal ruta de ingreso irregular a Chile, que sigue siendo uno de los pa\u00edses m\u00e1s atractivos para migrar dentro de Am\u00e9rica Latina por su estabilidad pol\u00edtica y econ\u00f3mica, pese a la pandemia y la crisis social de 2019.<\/p>\n<p>EFE<\/p>\n","protected":false},"excerpt":{"rendered":"<p>Un migrante de 83 a\u00f1os, de nacionalizad venezolana, falleci\u00f3 este martes en el norte de Chile tras cruzar la frontera desde Bolivia cerca de la localidad de Colchane. El Servicio de Salud de este peque\u00f1o pueblo fronterizo inform\u00f3 del deceso y explic\u00f3 que el cuerpo fue encontrado en el sector del Salar de Coipasa, a [&hellip;]<\/p>\n","protected":false},"author":19,"featured_media":210773,"comment_status":"closed","ping_status":"closed","sticky":false,"template":"","format":"standard","meta":{"footnotes":""},"categories":[8],"tags":[],"class_list":{"0":"post-210772","1":"post","2":"type-post","3":"status-publish","4":"format-standard","5":"has-post-thumbnail","7":"category-internacionales"},"_links":{"self":[{"href":"https:\/\/elluchador.info\/index.php?rest_route=\/wp\/v2\/posts\/210772","targetHints":{"allow":["GET"]}}],"collection":[{"href":"https:\/\/elluchador.info\/index.php?rest_route=\/wp\/v2\/posts"}],"about":[{"href":"https:\/\/elluchador.info\/index.php?rest_route=\/wp\/v2\/types\/post"}],"author":[{"embeddable":true,"href":"https:\/\/elluchador.info\/index.php?rest_route=\/wp\/v2\/users\/19"}],"replies":[{"embeddable":true,"href":"https:\/\/elluchador.info\/index.php?rest_route=%2Fwp%2Fv2%2Fcomments&post=210772"}],"version-history":[{"count":1,"href":"https:\/\/elluchador.info\/index.php?rest_route=\/wp\/v2\/posts\/210772\/revisions"}],"predecessor-version":[{"id":210774,"href":"https:\/\/elluchador.info\/index.php?rest_route=\/wp\/v2\/posts\/210772\/revisions\/210774"}],"wp:featuredmedia":[{"embeddable":true,"href":"https:\/\/elluchador.info\/index.php?rest_route=\/wp\/v2\/media\/210773"}],"wp:attachment":[{"href":"https:\/\/elluchador.info\/index.php?rest_route=%2Fwp%2Fv2%2Fmedia&parent=210772"}],"wp:term":[{"taxonomy":"category","embeddable":true,"href":"https:\/\/elluchador.info\/index.php?rest_route=%2Fwp%2Fv2%2Fcategories&post=210772"},{"taxonomy":"post_tag","embeddable":true,"href":"https:\/\/elluchador.info\/index.php?rest_route=%2Fwp%2Fv2%2Ftags&post=210772"}],"curies":[{"name":"wp","href":"https:\/\/api.w.org\/{rel}","templated":true}]}}