{"id":210806,"date":"2022-05-18T13:26:50","date_gmt":"2022-05-18T17:26:50","guid":{"rendered":"https:\/\/elluchador.info\/web\/?p=210806"},"modified":"2022-05-18T13:26:50","modified_gmt":"2022-05-18T17:26:50","slug":"edgar-ramirez-regreso-al-festival-de-cannes-como-jurado","status":"publish","type":"post","link":"https:\/\/elluchador.info\/?p=210806","title":{"rendered":"Edgar Ram\u00edrez regres\u00f3 al Festival de Cannes como jurado"},"content":{"rendered":"<p>El actor venezolano Edgar Ram\u00edrez fue una de las primeras estrellas en desfilar por la alfombra roja del Palais en el prestigioso festival cinematogr\u00e1fico que se celebra cada a\u00f1os en la ciudad francesa de Cannes, con motivo de la gala inaugural.<\/p>\n<p>El protagonista de la pel\u00edcula Carlos del director franc\u00e9s Olivier Assayas, una historia que relata la vida de uno de los terroristas m\u00e1s conocidos de Venezuela, fue raz\u00f3n para su primera vez en la celebraci\u00f3n de cine acreditada por la Federaci\u00f3n Internacional de Asociaciones de Productores Cinematogr\u00e1ficos (FIAPF).<\/p>\n<p>Esta vez, Ram\u00edrez regresa a la 75\u00ba edici\u00f3n del Festival de Cine de Cannes, como jurado de la secci\u00f3n \u201cUn Certain Regard\u201d, que busca reconocer y premiar, donaci\u00f3n para ayudar a su distribuci\u00f3n en Francia, el talento joven a trav\u00e9s de obras innovadoras.<\/p>\n<p>Sobre su regreso el criollo realiz\u00f3 una publicaci\u00f3n en su cuenta de la red social Instagram, en la cual adem\u00e1s de desbordar elegancia, expres\u00f3 su felicidad al volver como jurado \u00abal lugar donde tantas cosas hermosas empezaron para m\u00ed. Estoy muy feliz de estar de vuelta en casa\u00bb, dijo.<\/p>\n<p>EU<\/p>\n","protected":false},"excerpt":{"rendered":"<p>El actor venezolano Edgar Ram\u00edrez fue una de las primeras estrellas en desfilar por la alfombra roja del Palais en el prestigioso festival cinematogr\u00e1fico que se celebra cada a\u00f1os en la ciudad francesa de Cannes, con motivo de la gala inaugural. El protagonista de la pel\u00edcula Carlos del director franc\u00e9s Olivier Assayas, una historia que [&hellip;]<\/p>\n","protected":false},"author":19,"featured_media":210807,"comment_status":"closed","ping_status":"closed","sticky":false,"template":"","format":"standard","meta":{"footnotes":""},"categories":[5,7],"tags":[],"class_list":{"0":"post-210806","1":"post","2":"type-post","3":"status-publish","4":"format-standard","5":"has-post-thumbnail","7":"category-destacado","8":"category-entretenimiento"},"_links":{"self":[{"href":"https:\/\/elluchador.info\/index.php?rest_route=\/wp\/v2\/posts\/210806","targetHints":{"allow":["GET"]}}],"collection":[{"href":"https:\/\/elluchador.info\/index.php?rest_route=\/wp\/v2\/posts"}],"about":[{"href":"https:\/\/elluchador.info\/index.php?rest_route=\/wp\/v2\/types\/post"}],"author":[{"embeddable":true,"href":"https:\/\/elluchador.info\/index.php?rest_route=\/wp\/v2\/users\/19"}],"replies":[{"embeddable":true,"href":"https:\/\/elluchador.info\/index.php?rest_route=%2Fwp%2Fv2%2Fcomments&post=210806"}],"version-history":[{"count":1,"href":"https:\/\/elluchador.info\/index.php?rest_route=\/wp\/v2\/posts\/210806\/revisions"}],"predecessor-version":[{"id":210808,"href":"https:\/\/elluchador.info\/index.php?rest_route=\/wp\/v2\/posts\/210806\/revisions\/210808"}],"wp:featuredmedia":[{"embeddable":true,"href":"https:\/\/elluchador.info\/index.php?rest_route=\/wp\/v2\/media\/210807"}],"wp:attachment":[{"href":"https:\/\/elluchador.info\/index.php?rest_route=%2Fwp%2Fv2%2Fmedia&parent=210806"}],"wp:term":[{"taxonomy":"category","embeddable":true,"href":"https:\/\/elluchador.info\/index.php?rest_route=%2Fwp%2Fv2%2Fcategories&post=210806"},{"taxonomy":"post_tag","embeddable":true,"href":"https:\/\/elluchador.info\/index.php?rest_route=%2Fwp%2Fv2%2Ftags&post=210806"}],"curies":[{"name":"wp","href":"https:\/\/api.w.org\/{rel}","templated":true}]}}