{"id":212334,"date":"2022-05-30T16:16:03","date_gmt":"2022-05-30T20:16:03","guid":{"rendered":"https:\/\/elluchador.info\/web\/?p=212334"},"modified":"2022-05-30T16:16:03","modified_gmt":"2022-05-30T20:16:03","slug":"turquia-suspende-el-uso-obligatorio-de-mascarillas","status":"publish","type":"post","link":"https:\/\/elluchador.info\/?p=212334","title":{"rendered":"Turqu\u00eda suspende el uso obligatorio de mascarillas"},"content":{"rendered":"<p>El ministro de Salud de Turqu\u00eda, Fahrettin Koca, afirm\u00f3 hoy que se suspende el uso obligatorio de mascarillas en territorio nacional, con la excepci\u00f3n de las instituciones m\u00e9dicas.<\/p>\n<p>Sin embargo, despu\u00e9s de la experiencia que hemos tenido, podemos llevarlas con nosotros y usarlas seg\u00fan sea necesario en lugares p\u00fablicos cerrados, especialmente en el transporte p\u00fablico, escribi\u00f3 en las redes sociales.<\/p>\n<p>De acuerdo con Koca, la decisi\u00f3n se tom\u00f3 en el contexto de una fuerte disminuci\u00f3n en el n\u00famero de infecciones por coronavirus SARS-CoV-2, causante de la pandemia de Covid-19, en particular nuevas cepas.<\/p>\n<p>El n\u00famero de casos de infecci\u00f3n en Turqu\u00eda no super\u00f3 el millar en los \u00faltimos tres d\u00edas.<\/p>\n<p>A su vez, la compa\u00f1\u00eda a\u00e9rea Turkish Airlines tambi\u00e9n anuncio que a partir del lunes no es necesario emplear mascarillas en los aviones.<\/p>\n<p>El director general de la aerol\u00ednea, Bilal Ekchi, aclar\u00f3 que el r\u00e9gimen de mascarilla no funcionar\u00e1 en vuelos dom\u00e9sticos, y los requisitos internacionales pueden diferir seg\u00fan el segundo pa\u00eds.<\/p>\n<p><strong>Prensa Latina<\/strong><\/p>\n","protected":false},"excerpt":{"rendered":"<p>El ministro de Salud de Turqu\u00eda, Fahrettin Koca, afirm\u00f3 hoy que se suspende el uso obligatorio de mascarillas en territorio nacional, con la excepci\u00f3n de las instituciones m\u00e9dicas. Sin embargo, despu\u00e9s de la experiencia que hemos tenido, podemos llevarlas con nosotros y usarlas seg\u00fan sea necesario en lugares p\u00fablicos cerrados, especialmente en el transporte p\u00fablico, [&hellip;]<\/p>\n","protected":false},"author":19,"featured_media":212335,"comment_status":"closed","ping_status":"closed","sticky":false,"template":"","format":"standard","meta":{"footnotes":""},"categories":[8],"tags":[],"class_list":{"0":"post-212334","1":"post","2":"type-post","3":"status-publish","4":"format-standard","5":"has-post-thumbnail","7":"category-internacionales"},"_links":{"self":[{"href":"https:\/\/elluchador.info\/index.php?rest_route=\/wp\/v2\/posts\/212334","targetHints":{"allow":["GET"]}}],"collection":[{"href":"https:\/\/elluchador.info\/index.php?rest_route=\/wp\/v2\/posts"}],"about":[{"href":"https:\/\/elluchador.info\/index.php?rest_route=\/wp\/v2\/types\/post"}],"author":[{"embeddable":true,"href":"https:\/\/elluchador.info\/index.php?rest_route=\/wp\/v2\/users\/19"}],"replies":[{"embeddable":true,"href":"https:\/\/elluchador.info\/index.php?rest_route=%2Fwp%2Fv2%2Fcomments&post=212334"}],"version-history":[{"count":1,"href":"https:\/\/elluchador.info\/index.php?rest_route=\/wp\/v2\/posts\/212334\/revisions"}],"predecessor-version":[{"id":212336,"href":"https:\/\/elluchador.info\/index.php?rest_route=\/wp\/v2\/posts\/212334\/revisions\/212336"}],"wp:featuredmedia":[{"embeddable":true,"href":"https:\/\/elluchador.info\/index.php?rest_route=\/wp\/v2\/media\/212335"}],"wp:attachment":[{"href":"https:\/\/elluchador.info\/index.php?rest_route=%2Fwp%2Fv2%2Fmedia&parent=212334"}],"wp:term":[{"taxonomy":"category","embeddable":true,"href":"https:\/\/elluchador.info\/index.php?rest_route=%2Fwp%2Fv2%2Fcategories&post=212334"},{"taxonomy":"post_tag","embeddable":true,"href":"https:\/\/elluchador.info\/index.php?rest_route=%2Fwp%2Fv2%2Ftags&post=212334"}],"curies":[{"name":"wp","href":"https:\/\/api.w.org\/{rel}","templated":true}]}}