{"id":212675,"date":"2022-06-02T10:30:56","date_gmt":"2022-06-02T14:30:56","guid":{"rendered":"https:\/\/elluchador.info\/web\/?p=212675"},"modified":"2022-06-02T10:30:56","modified_gmt":"2022-06-02T14:30:56","slug":"real-madrid-confirma-el-fichaje-de-rudiger-hasta-2026","status":"publish","type":"post","link":"https:\/\/elluchador.info\/?p=212675","title":{"rendered":"Real Madrid confirma el fichaje de R\u00fcdiger hasta 2026"},"content":{"rendered":"<div class=\"\" data-block=\"true\" data-editor=\"6jao1\" data-offset-key=\"33dmv-0-0\">\n<div class=\"_1mf _1mj\" data-offset-key=\"33dmv-0-0\"><span data-offset-key=\"33dmv-0-0\">El Real Madrid confirm\u00f3 este jueves, a trav\u00e9s de un comunicado, el fichaje del defensa alem\u00e1n Antonio R\u00fcdiger, hasta ahora jugador del Chelsea ingl\u00e9s.<\/span><\/div>\n<\/div>\n<div class=\"\" data-block=\"true\" data-editor=\"6jao1\" data-offset-key=\"nfg4-0-0\">\n<div class=\"_1mf _1mj\" data-offset-key=\"nfg4-0-0\"><span data-offset-key=\"nfg4-0-0\">\u00a0<\/span><\/div>\n<\/div>\n<div class=\"\" data-block=\"true\" data-editor=\"6jao1\" data-offset-key=\"tmu8-0-0\">\n<div class=\"_1mf _1mj\" data-offset-key=\"tmu8-0-0\"><span data-offset-key=\"tmu8-0-0\">Seg\u00fan el club blanco, ambas partes han llegado a un acuerdo para las pr\u00f3ximas cuatro temporadas y ser\u00e1 presentado el lunes 20 de junio a las 12:00 horas CEST (-2 GMT) en la Ciudad Real Madrid de Valdebebas.<\/span><\/div>\n<\/div>\n<div class=\"\" data-block=\"true\" data-editor=\"6jao1\" data-offset-key=\"d4ksa-0-0\">\n<div class=\"_1mf _1mj\" data-offset-key=\"d4ksa-0-0\"><span data-offset-key=\"d4ksa-0-0\">\u00a0<\/span><\/div>\n<\/div>\n<div class=\"\" data-block=\"true\" data-editor=\"6jao1\" data-offset-key=\"armc0-0-0\">\n<div class=\"_1mf _1mj\" data-offset-key=\"armc0-0-0\"><span data-offset-key=\"armc0-0-0\">R\u00fcdiger llega libre al Real Madrid tras acabar su contrato con el Chelsea, despu\u00e9s de cinco temporadas en la disciplina del club londinense, en las que se acab\u00f3 asentando como un pilar en la defensa, especialmente tras la llegada del alem\u00e1n Thomas Tuchel a mitad de la pasada temporada, en la que acab\u00f3 logrando la Liga de Campeones.<\/span><\/div>\n<\/div>\n<div class=\"\" data-block=\"true\" data-editor=\"6jao1\" data-offset-key=\"bq451-0-0\">\n<div class=\"_1mf _1mj\" data-offset-key=\"bq451-0-0\"><span data-offset-key=\"bq451-0-0\">\u00a0<\/span><\/div>\n<\/div>\n<div class=\"\" data-block=\"true\" data-editor=\"6jao1\" data-offset-key=\"8tqmg-0-0\">\n<div class=\"_1mf _1mj\" data-offset-key=\"8tqmg-0-0\"><span data-offset-key=\"8tqmg-0-0\">A pesar de finalizar contrato y conocerse que no iba a renovar, el central ha seguido siendo habitual en las alineaciones del t\u00e9cnico germano, disputando 54 encuentros en los que vio 12 cartulinas amarillas y demostr\u00f3 su buen juego a\u00e9reo gracias a los cinco tantos que aport\u00f3, incluido uno al propio Real Madrid en el partido de vuelta de cuartos de final de la \u2018Champions\u2019 disputado en el Santiago Bernab\u00e9u.<\/span><\/div>\n<\/div>\n<div class=\"\" data-block=\"true\" data-editor=\"6jao1\" data-offset-key=\"6t3fg-0-0\">\n<div class=\"_1mf _1mj\" data-offset-key=\"6t3fg-0-0\"><span data-offset-key=\"6t3fg-0-0\">\u00a0<\/span><\/div>\n<\/div>\n<div class=\"\" data-block=\"true\" data-editor=\"6jao1\" data-offset-key=\"3m90b-0-0\">\n<div class=\"_1mf _1mj\" data-offset-key=\"3m90b-0-0\"><span data-offset-key=\"3m90b-0-0\">Un estadio que ser\u00e1 su casa para las pr\u00f3ximas cuatro campa\u00f1as tras haber pasado, adem\u00e1s de por el Chelsea, el Roma y Stuttgart, en sus a\u00f1os en la \u00e9lite.<\/span><\/div>\n<\/div>\n<div class=\"\" data-block=\"true\" data-editor=\"6jao1\" data-offset-key=\"7j4b6-0-0\">\n<div class=\"_1mf _1mj\" data-offset-key=\"7j4b6-0-0\"><span data-offset-key=\"7j4b6-0-0\">\u00a0<\/span><\/div>\n<\/div>\n<div class=\"\" data-block=\"true\" data-editor=\"6jao1\" data-offset-key=\"34pb6-0-0\">\n<div class=\"_1mf _1mj\" data-offset-key=\"34pb6-0-0\"><span data-offset-key=\"34pb6-0-0\">En su comunicado, el Real Madrid considera al alem\u00e1n como \u201cuno de los mejores defensas del mundo\u201d y destaca que, adem\u00e1s de sus \u00e9xitos colectivos, \u201cha sido incluido en el equipo ideal de la Champions en las dos \u00faltimas temporadas\u201d.<\/span><\/div>\n<\/div>\n<div class=\"\" data-block=\"true\" data-editor=\"6jao1\" data-offset-key=\"8njc7-0-0\">\n<div class=\"_1mf _1mj\" data-offset-key=\"8njc7-0-0\"><span data-offset-key=\"8njc7-0-0\">\u00a0<\/span><\/div>\n<\/div>\n<div class=\"\" data-block=\"true\" data-editor=\"6jao1\" data-offset-key=\"af6d0-0-0\">\n<div class=\"_1mf _1mj\" data-offset-key=\"af6d0-0-0\"><span data-offset-key=\"af6d0-0-0\">\u201cMuy poderoso f\u00edsicamente (1,90 m), R\u00fcdiger es un futbolista con experiencia en las Ligas inglesa, alemana e italiana. En la \u00faltima temporada, ha batido su registro de partidos jugados y goles marcados, al disputar 54 encuentros y anotar 5 tantos con el Chelsea\u201d, contin\u00faa el escrito en la p\u00e1gina web del club.<\/span><\/div>\n<\/div>\n<div data-offset-key=\"af6d0-0-0\">EFE<\/div>\n","protected":false},"excerpt":{"rendered":"<p>El Real Madrid confirm\u00f3 este jueves, a trav\u00e9s de un comunicado, el fichaje del defensa alem\u00e1n Antonio R\u00fcdiger, hasta ahora jugador del Chelsea ingl\u00e9s. \u00a0 Seg\u00fan el club blanco, ambas partes han llegado a un acuerdo para las pr\u00f3ximas cuatro temporadas y ser\u00e1 presentado el lunes 20 de junio a las 12:00 horas CEST (-2 [&hellip;]<\/p>\n","protected":false},"author":19,"featured_media":212676,"comment_status":"closed","ping_status":"closed","sticky":false,"template":"","format":"standard","meta":{"footnotes":""},"categories":[4],"tags":[],"class_list":{"0":"post-212675","1":"post","2":"type-post","3":"status-publish","4":"format-standard","5":"has-post-thumbnail","7":"category-deportes"},"_links":{"self":[{"href":"https:\/\/elluchador.info\/index.php?rest_route=\/wp\/v2\/posts\/212675","targetHints":{"allow":["GET"]}}],"collection":[{"href":"https:\/\/elluchador.info\/index.php?rest_route=\/wp\/v2\/posts"}],"about":[{"href":"https:\/\/elluchador.info\/index.php?rest_route=\/wp\/v2\/types\/post"}],"author":[{"embeddable":true,"href":"https:\/\/elluchador.info\/index.php?rest_route=\/wp\/v2\/users\/19"}],"replies":[{"embeddable":true,"href":"https:\/\/elluchador.info\/index.php?rest_route=%2Fwp%2Fv2%2Fcomments&post=212675"}],"version-history":[{"count":1,"href":"https:\/\/elluchador.info\/index.php?rest_route=\/wp\/v2\/posts\/212675\/revisions"}],"predecessor-version":[{"id":212677,"href":"https:\/\/elluchador.info\/index.php?rest_route=\/wp\/v2\/posts\/212675\/revisions\/212677"}],"wp:featuredmedia":[{"embeddable":true,"href":"https:\/\/elluchador.info\/index.php?rest_route=\/wp\/v2\/media\/212676"}],"wp:attachment":[{"href":"https:\/\/elluchador.info\/index.php?rest_route=%2Fwp%2Fv2%2Fmedia&parent=212675"}],"wp:term":[{"taxonomy":"category","embeddable":true,"href":"https:\/\/elluchador.info\/index.php?rest_route=%2Fwp%2Fv2%2Fcategories&post=212675"},{"taxonomy":"post_tag","embeddable":true,"href":"https:\/\/elluchador.info\/index.php?rest_route=%2Fwp%2Fv2%2Ftags&post=212675"}],"curies":[{"name":"wp","href":"https:\/\/api.w.org\/{rel}","templated":true}]}}