{"id":212678,"date":"2022-06-02T10:32:22","date_gmt":"2022-06-02T14:32:22","guid":{"rendered":"https:\/\/elluchador.info\/web\/?p=212678"},"modified":"2022-06-02T10:32:22","modified_gmt":"2022-06-02T14:32:22","slug":"oms-preve-un-descenso-del-94-de-muertes-por-covid-19-en-africa-en-2022","status":"publish","type":"post","link":"https:\/\/elluchador.info\/?p=212678","title":{"rendered":"OMS prev\u00e9 un descenso del 94 % de muertes por covid-19 en \u00c1frica en 2022"},"content":{"rendered":"<p>Las muertes por covid-19 en \u00c1frica disminuir\u00e1n casi un 94 % en 2022 en comparaci\u00f3n con 2021, que fue el a\u00f1o m\u00e1s letal de la pandemia, seg\u00fan un estudio que public\u00f3 este jueves la Organizaci\u00f3n Mundial de la Salud (OMS).<\/p>\n<p>El an\u00e1lisis muestra que, mientras el continente report\u00f3 unos 113.100 muertes en 2021 a trav\u00e9s de los canales oficiales, aproximadamente una de cada tres muertes se pas\u00f3 por alto y el n\u00famero real de fallecimientos fue de 350.000.<\/p>\n<p>El modelo barajado por la OMS indica que se esperan alrededor de 23.000 muertes para fines de 2022 si las variantes actuales y la din\u00e1mica de transmisi\u00f3n se mantienen constantes.<\/p>\n<p>Sin embargo, una variante que sea un 200 % m\u00e1s letal provocar\u00eda un aumento de las muertes a m\u00e1s de 70.000.<\/p>\n<p>\u00abEl a\u00f1o pasado, perdimos un promedio de 970 personas todos los d\u00edas. Este es un n\u00famero catastr\u00f3ficamente alto\u00ab, subray\u00f3 la directora de la oficina de la OMS en \u00c1frica, Matshidiso Moeti.<\/p>\n<p>\u00abNuestro \u00faltimo an\u00e1lisis sugiere que las muertes estimadas en la regi\u00f3n africana se reducir\u00e1n a alrededor de 60 por d\u00eda en 2022. El bajo n\u00famero de muertes que se espera este a\u00f1o es un gran logro para la regi\u00f3n y un testimonio de los esfuerzos de los pa\u00edses y socios\u00bb, afirm\u00f3 Moeti.<\/p>\n<p>Sin embargo, advirti\u00f3, el trabajo a\u00fan no ha terminado porque \u00abcada vez que nos sentamos y nos relajamos, la covid-19 vuelve a estallar. La amenaza de nuevas variantes sigue siendo real y debemos estar preparados para hacer frente a este peligro siempre presente\u00bb.<\/p>\n<p>El estudio tambi\u00e9n destaca que un n\u00famero significativo de casos no se han reportado a las autoridades, pues s\u00f3lo se registra uno de cada 71 contagios.<\/p>\n<p>Se prev\u00e9n en el continente 166,2 millones de casos en 2022 frente a los 227,5 millones estimados de 2021, seg\u00fan la agencia de la ONU.<\/p>\n<p>La brecha entre casos y fallecimiento en 2022 se debe al aumento de la vacunaci\u00f3n, la mejora de la respuesta pand\u00e9mica y la inmunidad natural de contagios previos que, si bien no evitan las reinfecciones, frenan las formas graves de la enfermedad y las muertes.<\/p>\n<p>En 2021, \u00c1frica experiment\u00f3 una pandemia particularmente mortal, pues la covid-19 fue la s\u00e9ptima causa principal de muerte, justo por debajo de la malaria, mientras que en 2020 el coronavirus fue la vig\u00e9simo segunda causa principal de fallecimiento.<\/p>\n<p>EFE<\/p>\n","protected":false},"excerpt":{"rendered":"<p>Las muertes por covid-19 en \u00c1frica disminuir\u00e1n casi un 94 % en 2022 en comparaci\u00f3n con 2021, que fue el a\u00f1o m\u00e1s letal de la pandemia, seg\u00fan un estudio que public\u00f3 este jueves la Organizaci\u00f3n Mundial de la Salud (OMS). El an\u00e1lisis muestra que, mientras el continente report\u00f3 unos 113.100 muertes en 2021 a trav\u00e9s [&hellip;]<\/p>\n","protected":false},"author":19,"featured_media":212679,"comment_status":"closed","ping_status":"closed","sticky":false,"template":"","format":"standard","meta":{"footnotes":""},"categories":[19],"tags":[],"class_list":{"0":"post-212678","1":"post","2":"type-post","3":"status-publish","4":"format-standard","5":"has-post-thumbnail","7":"category-salud"},"_links":{"self":[{"href":"https:\/\/elluchador.info\/index.php?rest_route=\/wp\/v2\/posts\/212678","targetHints":{"allow":["GET"]}}],"collection":[{"href":"https:\/\/elluchador.info\/index.php?rest_route=\/wp\/v2\/posts"}],"about":[{"href":"https:\/\/elluchador.info\/index.php?rest_route=\/wp\/v2\/types\/post"}],"author":[{"embeddable":true,"href":"https:\/\/elluchador.info\/index.php?rest_route=\/wp\/v2\/users\/19"}],"replies":[{"embeddable":true,"href":"https:\/\/elluchador.info\/index.php?rest_route=%2Fwp%2Fv2%2Fcomments&post=212678"}],"version-history":[{"count":1,"href":"https:\/\/elluchador.info\/index.php?rest_route=\/wp\/v2\/posts\/212678\/revisions"}],"predecessor-version":[{"id":212680,"href":"https:\/\/elluchador.info\/index.php?rest_route=\/wp\/v2\/posts\/212678\/revisions\/212680"}],"wp:featuredmedia":[{"embeddable":true,"href":"https:\/\/elluchador.info\/index.php?rest_route=\/wp\/v2\/media\/212679"}],"wp:attachment":[{"href":"https:\/\/elluchador.info\/index.php?rest_route=%2Fwp%2Fv2%2Fmedia&parent=212678"}],"wp:term":[{"taxonomy":"category","embeddable":true,"href":"https:\/\/elluchador.info\/index.php?rest_route=%2Fwp%2Fv2%2Fcategories&post=212678"},{"taxonomy":"post_tag","embeddable":true,"href":"https:\/\/elluchador.info\/index.php?rest_route=%2Fwp%2Fv2%2Ftags&post=212678"}],"curies":[{"name":"wp","href":"https:\/\/api.w.org\/{rel}","templated":true}]}}