{"id":212823,"date":"2022-06-03T09:39:14","date_gmt":"2022-06-03T13:39:14","guid":{"rendered":"https:\/\/elluchador.info\/web\/?p=212823"},"modified":"2022-06-03T09:39:14","modified_gmt":"2022-06-03T13:39:14","slug":"isabel-ii-cancelo-su-presencia-en-la-misa-jubilar-del-viernes","status":"publish","type":"post","link":"https:\/\/elluchador.info\/?p=212823","title":{"rendered":"Isabel II cancel\u00f3 su presencia en la Misa Jubilar del viernes"},"content":{"rendered":"<p><strong>La Reina Isabel II no podr\u00e1 asistir al servicio del jubileo de este viernes en St. Paul, despu\u00e9s de experimentar molestias en el desfile del palacio de Buckingham<\/strong>.<\/p>\n<p>Mediante un comunicado del Palacio de Buckingham, un portavoz dijo:\u00a0<strong>\u00abLa Reina disfrut\u00f3 mucho el Desfile de cumplea\u00f1os y el Flypast de hoy, pero experiment\u00f3 algunas molestias\u00bb<\/strong>.<\/p>\n<p>\u00abTeniendo en cuenta el viaje y la actividad requerida para participar en el Servicio Nacional de Acci\u00f3n de Gracias de ma\u00f1ana en la Catedral de San Pablo, Su Majestad, con gran renuencia, ha llegado a la conclusi\u00f3n de que no asistir\u00e1.\u00a0La reina espera participar en el evento de iluminaci\u00f3n Beacon de esta noche en el Castillo de Windsor y quisiera agradecer a todos los que hicieron de hoy una ocasi\u00f3n tan memorable\u00bb, rese\u00f1a parte del comunicado.<\/p>\n<p>Uni\u00f3n Radio<\/p>\n","protected":false},"excerpt":{"rendered":"<p>La Reina Isabel II no podr\u00e1 asistir al servicio del jubileo de este viernes en St. Paul, despu\u00e9s de experimentar molestias en el desfile del palacio de Buckingham. Mediante un comunicado del Palacio de Buckingham, un portavoz dijo:\u00a0\u00abLa Reina disfrut\u00f3 mucho el Desfile de cumplea\u00f1os y el Flypast de hoy, pero experiment\u00f3 algunas molestias\u00bb. \u00abTeniendo [&hellip;]<\/p>\n","protected":false},"author":19,"featured_media":212824,"comment_status":"closed","ping_status":"closed","sticky":false,"template":"","format":"standard","meta":{"footnotes":""},"categories":[8],"tags":[],"class_list":{"0":"post-212823","1":"post","2":"type-post","3":"status-publish","4":"format-standard","5":"has-post-thumbnail","7":"category-internacionales"},"_links":{"self":[{"href":"https:\/\/elluchador.info\/index.php?rest_route=\/wp\/v2\/posts\/212823","targetHints":{"allow":["GET"]}}],"collection":[{"href":"https:\/\/elluchador.info\/index.php?rest_route=\/wp\/v2\/posts"}],"about":[{"href":"https:\/\/elluchador.info\/index.php?rest_route=\/wp\/v2\/types\/post"}],"author":[{"embeddable":true,"href":"https:\/\/elluchador.info\/index.php?rest_route=\/wp\/v2\/users\/19"}],"replies":[{"embeddable":true,"href":"https:\/\/elluchador.info\/index.php?rest_route=%2Fwp%2Fv2%2Fcomments&post=212823"}],"version-history":[{"count":1,"href":"https:\/\/elluchador.info\/index.php?rest_route=\/wp\/v2\/posts\/212823\/revisions"}],"predecessor-version":[{"id":212827,"href":"https:\/\/elluchador.info\/index.php?rest_route=\/wp\/v2\/posts\/212823\/revisions\/212827"}],"wp:featuredmedia":[{"embeddable":true,"href":"https:\/\/elluchador.info\/index.php?rest_route=\/wp\/v2\/media\/212824"}],"wp:attachment":[{"href":"https:\/\/elluchador.info\/index.php?rest_route=%2Fwp%2Fv2%2Fmedia&parent=212823"}],"wp:term":[{"taxonomy":"category","embeddable":true,"href":"https:\/\/elluchador.info\/index.php?rest_route=%2Fwp%2Fv2%2Fcategories&post=212823"},{"taxonomy":"post_tag","embeddable":true,"href":"https:\/\/elluchador.info\/index.php?rest_route=%2Fwp%2Fv2%2Ftags&post=212823"}],"curies":[{"name":"wp","href":"https:\/\/api.w.org\/{rel}","templated":true}]}}