{"id":213256,"date":"2022-06-06T11:54:50","date_gmt":"2022-06-06T15:54:50","guid":{"rendered":"https:\/\/elluchador.info\/web\/?p=213256"},"modified":"2022-06-06T11:54:50","modified_gmt":"2022-06-06T15:54:50","slug":"venezuela-celebra-hoy-el-dia-nacional-de-la-radiodifusion","status":"publish","type":"post","link":"https:\/\/elluchador.info\/?p=213256","title":{"rendered":"Venezuela celebra hoy el D\u00eda Nacional de la Radiodifusi\u00f3n\u00a0"},"content":{"rendered":"<p>Todos los 6 de junio se celebra el D\u00eda de la Radiodifusi\u00f3n en Venezuela, por el d\u00eda en el que iniciaron las transmisiones de la primera emisora venezolana, &#8216;Ayre&#8217;, que recibi\u00f3 su licencia en 1926.<\/p>\n<p>Este d\u00eda sirve para recordar la importancia que tiene la comunicaci\u00f3n y el entretenimiento en nuestra sociedad. Fecha propicia para honrar a los profesionales que prestan servicios de radiodifusi\u00f3n, televisi\u00f3n y telecomunicaciones.<\/p>\n<p>En un principio la emisora AM s\u00f3lo transmit\u00eda para la ciudad de Caracas. Con una potencia de apenas 100 vatios, su programaci\u00f3n constaba \u00fanicamente de lectura de noticias, humor y m\u00fasica. Sin embargo, la emisora cerr\u00f3 sus puertas en 1928, y es en 1930 que inicia nuevamente la era de la radio con la apertura de la emisora &#8216;YV1BC&#8217;.<\/p>\n<p>A partir de 1934, se comienzan a fundar emisoras en distintas ciudades del pa\u00eds, siendo \u2018La Voz de Carabobo\u2019 una de las primeras. A\u00f1os m\u00e1s tarde en 1940 se promulg\u00f3 la Ley Org\u00e1nica de Telecomunicaciones que calificaba la radiodifusi\u00f3n en Venezuela como un servicio p\u00fablico.<\/p>\n<p>La celebraci\u00f3n de esta fecha es para recordar la censura que ha sufrido la radio a lo largo de su historia, por los procesos pol\u00edticos del pa\u00eds, y para reconocer la labor importante que llevan a cabo los trabajadores de la radio.<\/p>\n<p>Las emisiones de radio al p\u00fablico en general han provocado una compresi\u00f3n del tiempo y del espacio, permitiendo que la informaci\u00f3n y la cultura alcance a una gran audiencia. Las nuevas tecnolog\u00edas de difusi\u00f3n, como los sat\u00e9lites y los cables, hicieron que la transmisi\u00f3n de la informaci\u00f3n fuera m\u00e1s flexible, haciendo posible que viajase m\u00e1s deprisa y a mayores distancias.<\/p>\n<p>La velocidad de la comunicaci\u00f3n, por lo tanto, se vuelve instant\u00e1nea, haciendo de la adquisici\u00f3n de informaci\u00f3n algo rutinario y com\u00fan, dada esta rapidez y como resultado, el ritmo de vida se vuelve m\u00e1s r\u00e1pido que anteriormente. La informaci\u00f3n y la comunicaci\u00f3n, no est\u00e1n limitadas por el tiempo ni la distancia, haciendo el mundo m\u00e1s peque\u00f1o.<\/p>\n<h3><strong>Las emisiones p\u00fablicas de radio y televisi\u00f3n<\/strong><\/h3>\n<p>Las emisiones de radio y TV tambi\u00e9n se convirtieron en una fuente econ\u00f3mica, por ejemplo, a trav\u00e9s de la venta publicitaria, tasas e impuestos, y cobros por suscripci\u00f3n a transmisi\u00f3n por cable o sat\u00e9lite. Ocasion\u00f3 que la diferencia entre el dominio p\u00fablico y el privado disminuyese. Los mensajes de los medios de comunicaci\u00f3n devinieron p\u00fablicos, abiertos y accesibles a todo el mundo. Por ejemplo, podemos recibir noticias en lugares privados como nuestra casa, oficina o una clase.<\/p>\n<p>Tambi\u00e9n ocasion\u00f3 la posibilidad de transmisiones en vivo y simult\u00e1neas, acerc\u00e1ndonos a grandes eventos como los Juegos Ol\u00edmpicos, los conciertos y sucesos hist\u00f3ricos de gran importancia. La m\u00e1s reciente y actualizada informaci\u00f3n puede ahora ser accesible o vivida por todo el mundo.<\/p>\n<p>Por \u00faltimo, estas emisiones son la principal causa de medi\u00e1tica. La sensaci\u00f3n del mundo est\u00e1 cada vez m\u00e1s moldeada por los medios de comunicaci\u00f3n, m\u00e1s que por las experiencias personales. Por ejemplo, hoy en d\u00eda obtenemos informaci\u00f3n de otras ciudades, de su gente, cultura y medio ambiente, de los programas documentales y de las producciones cinematogr\u00e1ficas.<\/p>\n<p><strong>Www.corazonllanero.com<\/strong><\/p>\n","protected":false},"excerpt":{"rendered":"<p>Todos los 6 de junio se celebra el D\u00eda de la Radiodifusi\u00f3n en Venezuela, por el d\u00eda en el que iniciaron las transmisiones de la primera emisora venezolana, &#8216;Ayre&#8217;, que recibi\u00f3 su licencia en 1926. Este d\u00eda sirve para recordar la importancia que tiene la comunicaci\u00f3n y el entretenimiento en nuestra sociedad. Fecha propicia para [&hellip;]<\/p>\n","protected":false},"author":2,"featured_media":213257,"comment_status":"closed","ping_status":"closed","sticky":false,"template":"","format":"standard","meta":{"footnotes":""},"categories":[24],"tags":[],"class_list":{"0":"post-213256","1":"post","2":"type-post","3":"status-publish","4":"format-standard","5":"has-post-thumbnail","7":"category-efemerides"},"_links":{"self":[{"href":"https:\/\/elluchador.info\/index.php?rest_route=\/wp\/v2\/posts\/213256","targetHints":{"allow":["GET"]}}],"collection":[{"href":"https:\/\/elluchador.info\/index.php?rest_route=\/wp\/v2\/posts"}],"about":[{"href":"https:\/\/elluchador.info\/index.php?rest_route=\/wp\/v2\/types\/post"}],"author":[{"embeddable":true,"href":"https:\/\/elluchador.info\/index.php?rest_route=\/wp\/v2\/users\/2"}],"replies":[{"embeddable":true,"href":"https:\/\/elluchador.info\/index.php?rest_route=%2Fwp%2Fv2%2Fcomments&post=213256"}],"version-history":[{"count":2,"href":"https:\/\/elluchador.info\/index.php?rest_route=\/wp\/v2\/posts\/213256\/revisions"}],"predecessor-version":[{"id":213259,"href":"https:\/\/elluchador.info\/index.php?rest_route=\/wp\/v2\/posts\/213256\/revisions\/213259"}],"wp:featuredmedia":[{"embeddable":true,"href":"https:\/\/elluchador.info\/index.php?rest_route=\/wp\/v2\/media\/213257"}],"wp:attachment":[{"href":"https:\/\/elluchador.info\/index.php?rest_route=%2Fwp%2Fv2%2Fmedia&parent=213256"}],"wp:term":[{"taxonomy":"category","embeddable":true,"href":"https:\/\/elluchador.info\/index.php?rest_route=%2Fwp%2Fv2%2Fcategories&post=213256"},{"taxonomy":"post_tag","embeddable":true,"href":"https:\/\/elluchador.info\/index.php?rest_route=%2Fwp%2Fv2%2Ftags&post=213256"}],"curies":[{"name":"wp","href":"https:\/\/api.w.org\/{rel}","templated":true}]}}