{"id":213269,"date":"2022-06-06T12:57:06","date_gmt":"2022-06-06T16:57:06","guid":{"rendered":"https:\/\/elluchador.info\/web\/?p=213269"},"modified":"2022-06-06T12:57:06","modified_gmt":"2022-06-06T16:57:06","slug":"expresidente-brasileno-lula-da-silva-da-positivo-a-covid-19-y-esta-asintomatico","status":"publish","type":"post","link":"https:\/\/elluchador.info\/?p=213269","title":{"rendered":"Expresidente brasile\u00f1o Lula da Silva da positivo a Covid-19 y est\u00e1 \u00abasintom\u00e1tico\u00bb"},"content":{"rendered":"<p>El expresidente brasile\u00f1o Luiz In\u00e1cio Lula da Silva fue diagnosticado este domingo con Covid-19 por segunda vez, y se encuentra \u00abasintom\u00e1tico\u00bb, en un momento de plena actividad como precandidato de cara a las elecciones presidenciales de octubre, inform\u00f3 en sus redes sociales.<\/p>\n<p>Lula da Silva, de 76 a\u00f1os, y su esposa Rosangela da Silva (\u00abJanja\u00bb), de 55, \u00abfueron diagnosticados hoy con Covid19\u00bb, dice un mensaje publicado en las redes por el equipo de campa\u00f1a del l\u00edder izquierdista, que est\u00e1 vacunado contra el virus.<\/p>\n<p>Esta es la segunda vez que Lula se contagia. La primera fue durante un viaje a Cuba entre diciembre de 2020 y enero de 2021.<\/p>\n<p>\u00abLos dos est\u00e1n bien, el ex-presidente asintom\u00e1tico e Janja con s\u00edntomas leves. Permanecer\u00e1n en aislamiento y bajo acompa\u00f1amiento m\u00e9dico en los pr\u00f3ximos d\u00edas\u00bb, a\u00f1ade el mensaje.<\/p>\n<p>La publicaci\u00f3n incluye un certificado m\u00e9dico en el que se detalla que Lula est\u00e1 \u00aben buen estado general\u00bb.<\/p>\n<p>El exmandatario fue vacunado contra el covid-19 en cuatro oportunidades. La \u00faltima dosis que recibi\u00f3, el segundo refuerzo, fue a inicios de abril.<\/p>\n<p>Lula, l\u00edder en las encuestas, se encuentra en plena precampa\u00f1a presidencial, con una agenda cargada de actos en distintos puntos del pa\u00eds, tras lanzarse oficialmente como precandidato a inicios de mayo.<\/p>\n<p>El expresidente y l\u00edder del Partido de los Trabajadores (PT) lidera la carrera al Planalto con el 48% de la intenci\u00f3n de voto, seguido por el presidente Jair Bolsonaro, con 27%, seg\u00fan una encuesta de Datafolha publicada el 26 de mayo.<\/p>\n<p>EU<\/p>\n","protected":false},"excerpt":{"rendered":"<p>El expresidente brasile\u00f1o Luiz In\u00e1cio Lula da Silva fue diagnosticado este domingo con Covid-19 por segunda vez, y se encuentra \u00abasintom\u00e1tico\u00bb, en un momento de plena actividad como precandidato de cara a las elecciones presidenciales de octubre, inform\u00f3 en sus redes sociales. Lula da Silva, de 76 a\u00f1os, y su esposa Rosangela da Silva (\u00abJanja\u00bb), [&hellip;]<\/p>\n","protected":false},"author":19,"featured_media":213270,"comment_status":"closed","ping_status":"closed","sticky":false,"template":"","format":"standard","meta":{"footnotes":""},"categories":[8],"tags":[],"class_list":{"0":"post-213269","1":"post","2":"type-post","3":"status-publish","4":"format-standard","5":"has-post-thumbnail","7":"category-internacionales"},"_links":{"self":[{"href":"https:\/\/elluchador.info\/index.php?rest_route=\/wp\/v2\/posts\/213269","targetHints":{"allow":["GET"]}}],"collection":[{"href":"https:\/\/elluchador.info\/index.php?rest_route=\/wp\/v2\/posts"}],"about":[{"href":"https:\/\/elluchador.info\/index.php?rest_route=\/wp\/v2\/types\/post"}],"author":[{"embeddable":true,"href":"https:\/\/elluchador.info\/index.php?rest_route=\/wp\/v2\/users\/19"}],"replies":[{"embeddable":true,"href":"https:\/\/elluchador.info\/index.php?rest_route=%2Fwp%2Fv2%2Fcomments&post=213269"}],"version-history":[{"count":1,"href":"https:\/\/elluchador.info\/index.php?rest_route=\/wp\/v2\/posts\/213269\/revisions"}],"predecessor-version":[{"id":213272,"href":"https:\/\/elluchador.info\/index.php?rest_route=\/wp\/v2\/posts\/213269\/revisions\/213272"}],"wp:featuredmedia":[{"embeddable":true,"href":"https:\/\/elluchador.info\/index.php?rest_route=\/wp\/v2\/media\/213270"}],"wp:attachment":[{"href":"https:\/\/elluchador.info\/index.php?rest_route=%2Fwp%2Fv2%2Fmedia&parent=213269"}],"wp:term":[{"taxonomy":"category","embeddable":true,"href":"https:\/\/elluchador.info\/index.php?rest_route=%2Fwp%2Fv2%2Fcategories&post=213269"},{"taxonomy":"post_tag","embeddable":true,"href":"https:\/\/elluchador.info\/index.php?rest_route=%2Fwp%2Fv2%2Ftags&post=213269"}],"curies":[{"name":"wp","href":"https:\/\/api.w.org\/{rel}","templated":true}]}}