{"id":213330,"date":"2022-06-07T08:37:22","date_gmt":"2022-06-07T12:37:22","guid":{"rendered":"https:\/\/elluchador.info\/web\/?p=213330"},"modified":"2022-06-07T08:56:59","modified_gmt":"2022-06-07T12:56:59","slug":"venezuela-reporto-36-casos-nuevos-de-covid-19-en-las-ultimas-24-horas-2","status":"publish","type":"post","link":"https:\/\/elluchador.info\/?p=213330","title":{"rendered":"Venezuela report\u00f3 36 casos nuevos de Covid-19 en las \u00faltimas 24 horas"},"content":{"rendered":"<p>Venezuela report\u00f3 un total de 36 casos nuevos de Covid-19 en las \u00faltimas 24 horas: 34 por transmisi\u00f3n comunitaria y 2 importados. Se eleva as\u00ed a 523 mil 937 el acumulado confirmado, mientras que la cifra de recuperados se ubica en 517 mil 193 pacientes sanados.<\/p>\n<p>El ministro Freddy \u00d1\u00e1\u00f1ez inform\u00f3 que los casos comunitarios de la jornada, se detectaron en 13 estados y est\u00e1n ubicados en: Monagas (7), Caracas (5), Anzo\u00e1tegui (3), Lara (3), Yaracuy (3), Zulia (3), Aragua (2), Gu\u00e1rico (2), Portuguesa (2), Apure (1), Barinas (1), Bol\u00edvar (1) y Miranda (1).<\/p>\n<p>Monagas es el estado que registra nuevos casos comunitarios, ubicado en los municipios: Matur\u00edn (6), Uracoa (1).<\/p>\n<p>Los casos importados, uno procede de Panam\u00e1 y uno de Turqu\u00eda con entrada por La Guaira.<\/p>\n<p><strong>En la semana 117 y d\u00eda 813 de pandemia en el pa\u00eds, estas son sus estad\u00edsticas generales:<\/strong><\/p>\n<p>\u2013 Total de contagios: 523 mil 937.<\/p>\n<p>\u2013 Pacientes recuperados: 517 mil 193 (99%).<\/p>\n<p>\u2013 Casos activos actuales: Mil 22.<\/p>\n<p>\u2013 Total de fallecidos: Cinco mil 722.<\/p>\n<p><strong>WCT Radio<\/strong><\/p>\n","protected":false},"excerpt":{"rendered":"<p>Venezuela report\u00f3 un total de 36 casos nuevos de Covid-19 en las \u00faltimas 24 horas: 34 por transmisi\u00f3n comunitaria y 2 importados. Se eleva as\u00ed a 523 mil 937 el acumulado confirmado, mientras que la cifra de recuperados se ubica en 517 mil 193 pacientes sanados. El ministro Freddy \u00d1\u00e1\u00f1ez inform\u00f3 que los casos comunitarios [&hellip;]<\/p>\n","protected":false},"author":2,"featured_media":208628,"comment_status":"closed","ping_status":"closed","sticky":false,"template":"","format":"standard","meta":{"footnotes":""},"categories":[5,9],"tags":[],"class_list":{"0":"post-213330","1":"post","2":"type-post","3":"status-publish","4":"format-standard","5":"has-post-thumbnail","7":"category-destacado","8":"category-nacionales"},"_links":{"self":[{"href":"https:\/\/elluchador.info\/index.php?rest_route=\/wp\/v2\/posts\/213330","targetHints":{"allow":["GET"]}}],"collection":[{"href":"https:\/\/elluchador.info\/index.php?rest_route=\/wp\/v2\/posts"}],"about":[{"href":"https:\/\/elluchador.info\/index.php?rest_route=\/wp\/v2\/types\/post"}],"author":[{"embeddable":true,"href":"https:\/\/elluchador.info\/index.php?rest_route=\/wp\/v2\/users\/2"}],"replies":[{"embeddable":true,"href":"https:\/\/elluchador.info\/index.php?rest_route=%2Fwp%2Fv2%2Fcomments&post=213330"}],"version-history":[{"count":1,"href":"https:\/\/elluchador.info\/index.php?rest_route=\/wp\/v2\/posts\/213330\/revisions"}],"predecessor-version":[{"id":213331,"href":"https:\/\/elluchador.info\/index.php?rest_route=\/wp\/v2\/posts\/213330\/revisions\/213331"}],"wp:featuredmedia":[{"embeddable":true,"href":"https:\/\/elluchador.info\/index.php?rest_route=\/wp\/v2\/media\/208628"}],"wp:attachment":[{"href":"https:\/\/elluchador.info\/index.php?rest_route=%2Fwp%2Fv2%2Fmedia&parent=213330"}],"wp:term":[{"taxonomy":"category","embeddable":true,"href":"https:\/\/elluchador.info\/index.php?rest_route=%2Fwp%2Fv2%2Fcategories&post=213330"},{"taxonomy":"post_tag","embeddable":true,"href":"https:\/\/elluchador.info\/index.php?rest_route=%2Fwp%2Fv2%2Ftags&post=213330"}],"curies":[{"name":"wp","href":"https:\/\/api.w.org\/{rel}","templated":true}]}}