{"id":213385,"date":"2022-06-07T11:22:46","date_gmt":"2022-06-07T15:22:46","guid":{"rendered":"https:\/\/elluchador.info\/web\/?p=213385"},"modified":"2022-06-07T11:22:46","modified_gmt":"2022-06-07T15:22:46","slug":"ecuador-comienza-proceso-para-regularizacion-de-migrantes-venezolanos","status":"publish","type":"post","link":"https:\/\/elluchador.info\/?p=213385","title":{"rendered":"Ecuador comienza proceso para regularizaci\u00f3n de migrantes venezolanos"},"content":{"rendered":"<p>El pasado 1 de junio, el presidente de Ecuador, Guillermo Lasso firm\u00f3 el Decreto Ejecutivo No. 436 para dar inicio al proceso de regularizaci\u00f3n de migrantes venezolanos que se encuentran en ese pa\u00eds.<\/p>\n<p>El decreto otorga amnist\u00eda migratoria y proceso de regularizaci\u00f3n extraordinario a personas de nacionalidad venezolana y su grupo familiar que hayan ingresado al pa\u00eds a trav\u00e9s de los puntos de control migratorio oficiales.<\/p>\n<p>Ahora, el Estado iniciar\u00e1 un Registro de Permanencia Migratoria de todas las personas extranjeras que se encuentren en el pa\u00eds, para el cual se tendr\u00e1 un paso de tres meses.<\/p>\n<p>Visa de Residencia Temporal de Excepci\u00f3n para Ciudadanos Venezolanos (Virte)<\/p>\n<p>El articulo 3 decreta que el Ministerio de Relaciones Exteriores y Movilidad Humana de Ecuador otorgar\u00e1 la visa Virte, se podr\u00e1n acoger de este beneficios las personas que:<\/p>\n<p>Hayan ingresado regularmente Ecuador a trav\u00e9s de los puntos de control migratorios oficiales.<br \/>\nHayan cumplido el proceso de registro ante el Ministerio del Interior.<br \/>\nNo sean considerados una amenaza o riesgo para la seguridad p\u00fablica. Para eso, la Polic\u00eda remitir\u00e1 la informaci\u00f3n que posea a la Canciller\u00eda.<br \/>\nLa visa ser\u00e1 gratuita y tendr\u00e1 una vigencia de dos a\u00f1os, renovables por una ocasi\u00f3n. Para realizar el tr\u00e1mite, el Gobierno ecuatoriano reconocer\u00e1 como v\u00e1lidos los pasaportes de los ciudadanos venezolanos \u201chasta cinco a\u00f1os despu\u00e9s de la fecha de su vencimiento o pr\u00f3rroga\u201d, al igual que las c\u00e9dulas de identidad, as\u00ed lo rese\u00f1o el diario La Primicia.<\/p>\n<p>Una vez concedida la visa, el Registro Civil otorgar\u00e1 la c\u00e9dula de identidad respectiva y los ciudadanos venezolanos \u201ctendr\u00e1n los derechos y obligaciones previstos en la legislaci\u00f3n ecuatoriana\u201d.<\/p>\n<p>Los venezolanos que tienen una situaci\u00f3n migratoria irregular, que hayan sido sancionados o sean susceptibles de una sancion migratoria, administrativa o pecuniaria, siempre que amparen a los procesos de regulaci\u00f3n que implementara el ministerio del Interior, tambi\u00e9n ser\u00e1n beneficiados.<\/p>\n<p>Adem\u00e1s los venezolanos podr\u00e1n utilizar su pasaporte vencido para salir hacia pa\u00edses, cuya normativa tambi\u00e9n los reconozca.<\/p>\n<p>Para aquellos venezolanos que tengan una Visa de Residencia Temporal de Excepci\u00f3n por Razones Humanitarias (Verhu) y de Residencia Temporal Unasur vigentes deber\u00e1n cambiar de categor\u00eda migratoria a una Virte.<\/p>\n<p><b>Implementaci\u00f3n progresiva<br \/>\n<\/b><br \/>\nEste Decreto ser\u00e1 implementado de forma progresiva y para ello en las disposiciones transitorias fijan los plazos de publicaci\u00f3n de normativas secundarias:<\/p>\n<p>\u2022 En dos meses, el Ministerio de Interior establecer\u00e1 el contenido y alcance del Certificado de Registro de Permanencia.<br \/>\n\u2022 En tres meses, el Ministerio de Interior establecer\u00e1 los mecanismos para realizar el Registro de Permanencia de ciudadanos venezolanos.<br \/>\n\u2022 En tres meses, el Ministerio de Inclusi\u00f3n Econ\u00f3mica y Social dictar\u00e1 los mecanismos para la regularizaci\u00f3n de ni\u00f1as, ni\u00f1os y adolescentes no acompa\u00f1ados o separados.<br \/>\n\u2022 En cuatro meses, el Ministerio de Relaciones Exteriores y Movilidad Humana establecer\u00e1 los procedimientos para iniciar la regularizaci\u00f3n extraordinaria.<\/p>\n<p><b>Gobierno de Ecuador frente a los venezolanos<br \/>\n<\/b><br \/>\nEl 27 de mayo, el canciller Juan Carlos Holgu\u00edn, adelant\u00f3 que Ecuador iniciar\u00eda \u201cel proceso de regularizaci\u00f3n m\u00e1s importante en la historia de nuestro pa\u00eds\u201c.<\/p>\n<p>Adem\u00e1s, el titular de la diplomacia ecuatoriana dijo que el pa\u00eds llevar\u00e1 el tema de la migraci\u00f3n irregular y riesgosa a la Cumbre de las Am\u00e9ricas, que empezar\u00e1 el 6 de junio, en Los \u00c1ngeles, Estados Unidos, seg\u00fan lo rese\u00f1ado en el diario.<\/p>\n<p>\u201cEs triste pensar que en nuestro pa\u00eds todav\u00eda hay tintes agresivos contra la migraci\u00f3n, cuando este pa\u00eds tiene dos millones de ecuatorianos fuera\u201d, dice el canciller Juan Carlos Holgu\u00edn.<\/p>\n<p><strong>EU<\/strong><\/p>\n","protected":false},"excerpt":{"rendered":"<p>El pasado 1 de junio, el presidente de Ecuador, Guillermo Lasso firm\u00f3 el Decreto Ejecutivo No. 436 para dar inicio al proceso de regularizaci\u00f3n de migrantes venezolanos que se encuentran en ese pa\u00eds. El decreto otorga amnist\u00eda migratoria y proceso de regularizaci\u00f3n extraordinario a personas de nacionalidad venezolana y su grupo familiar que hayan ingresado [&hellip;]<\/p>\n","protected":false},"author":19,"featured_media":213390,"comment_status":"closed","ping_status":"closed","sticky":false,"template":"","format":"standard","meta":{"footnotes":""},"categories":[8],"tags":[],"class_list":{"0":"post-213385","1":"post","2":"type-post","3":"status-publish","4":"format-standard","5":"has-post-thumbnail","7":"category-internacionales"},"_links":{"self":[{"href":"https:\/\/elluchador.info\/index.php?rest_route=\/wp\/v2\/posts\/213385","targetHints":{"allow":["GET"]}}],"collection":[{"href":"https:\/\/elluchador.info\/index.php?rest_route=\/wp\/v2\/posts"}],"about":[{"href":"https:\/\/elluchador.info\/index.php?rest_route=\/wp\/v2\/types\/post"}],"author":[{"embeddable":true,"href":"https:\/\/elluchador.info\/index.php?rest_route=\/wp\/v2\/users\/19"}],"replies":[{"embeddable":true,"href":"https:\/\/elluchador.info\/index.php?rest_route=%2Fwp%2Fv2%2Fcomments&post=213385"}],"version-history":[{"count":1,"href":"https:\/\/elluchador.info\/index.php?rest_route=\/wp\/v2\/posts\/213385\/revisions"}],"predecessor-version":[{"id":213391,"href":"https:\/\/elluchador.info\/index.php?rest_route=\/wp\/v2\/posts\/213385\/revisions\/213391"}],"wp:featuredmedia":[{"embeddable":true,"href":"https:\/\/elluchador.info\/index.php?rest_route=\/wp\/v2\/media\/213390"}],"wp:attachment":[{"href":"https:\/\/elluchador.info\/index.php?rest_route=%2Fwp%2Fv2%2Fmedia&parent=213385"}],"wp:term":[{"taxonomy":"category","embeddable":true,"href":"https:\/\/elluchador.info\/index.php?rest_route=%2Fwp%2Fv2%2Fcategories&post=213385"},{"taxonomy":"post_tag","embeddable":true,"href":"https:\/\/elluchador.info\/index.php?rest_route=%2Fwp%2Fv2%2Ftags&post=213385"}],"curies":[{"name":"wp","href":"https:\/\/api.w.org\/{rel}","templated":true}]}}