{"id":213395,"date":"2022-06-07T11:26:26","date_gmt":"2022-06-07T15:26:26","guid":{"rendered":"https:\/\/elluchador.info\/web\/?p=213395"},"modified":"2022-06-07T11:26:26","modified_gmt":"2022-06-07T15:26:26","slug":"fiscalia-de-bolivia-pide-15-anos-de-carcel-para-anez-en-reinicio-de-juicio","status":"publish","type":"post","link":"https:\/\/elluchador.info\/?p=213395","title":{"rendered":"Fiscal\u00eda de Bolivia pide 15 a\u00f1os de c\u00e1rcel para \u00c1\u00f1ez en reinicio de juicio"},"content":{"rendered":"<p>La Fiscal\u00eda de Bolivia anunci\u00f3 que pedir\u00e1 15 a\u00f1os de c\u00e1rcel para la expresidenta interina Jeanine \u00c1\u00f1ez, acusada de un supuesto golpe de Estado en 2019 contra el exmandatario Evo Morales, en el marco de su juicio que se reanud\u00f3 este lunes.<\/p>\n<p>La exmandataria derechista, de 54 a\u00f1os, que est\u00e1 en prisi\u00f3n preventiva desde marzo de 2021, denuncia ser una perseguida pol\u00edtica, cit\u00f3 AFP.<\/p>\n<p>\u00c1\u00f1ez enfrenta dos juicios, incluyendo el que se reanud\u00f3 el lunes ante la justicia ordinaria por \u00abincumplimiento de deberes\u00bb y tomar resoluciones contrarias a la Constituci\u00f3n, cuando era senadora, antes de llegar a la presidencia.<\/p>\n<p>Por ese caso, el fiscal general Juan Lanchipa anunci\u00f3 que solicitar\u00e1 \u00abla pena de 15 a\u00f1os para la se\u00f1ora Jeanine \u00c1\u00f1ez\u00bb.<\/p>\n<p>En otro juicio penal enfrenta cargos de terrorismo, sedici\u00f3n y conspiraci\u00f3n relacionados con su breve periodo en el gobierno.<\/p>\n<p>La defensa reclama un \u00fanico proceso y exige que se canalice a trav\u00e9s del Parlamento y no en la justicia ordinaria.<\/p>\n<p>\u00c1\u00f1ez asisti\u00f3 a la audiencia por videoconferencia desde un penal de mujeres, luego de que su pedido de acudir de manera presencial al Tribunal de Sentencia Anticorrupci\u00f3n de La Paz fuera rechazado.<\/p>\n<p>El proceso se suspendi\u00f3 luego de seis horas y reiniciar\u00e1 el martes.<\/p>\n<p>En su cuenta en Twitter -que administra su hija Carolina-, la exmandatario denunci\u00f3 que sufre de \u00abhipotermia\u00bb, mientras su familia y sus abogados \u00abhan sido impedidos de ingresar a verificar su salud\u00bb.<\/p>\n<p>\u00abM\u00e1s de 70 pruebas\u00bb<\/p>\n<p>El juicio contra la exmandataria derechista comenz\u00f3 el 10 de febrero antes de suspenderse varias veces. A fines de mayo la defensa recurri\u00f3 al Tribunal Constitucional Plurinacional (TCP) por inconstitucionalidad de los cargos.<\/p>\n<p>El TCP rechaz\u00f3 a los pocos d\u00edas la demanda y dio v\u00eda libre para la reanudaci\u00f3n del juicio.<\/p>\n<p>La fiscal\u00eda \u00abya tiene preparada la presentaci\u00f3n de los alegatos finales en la audiencia se\u00f1alada\u00bb, dijo Lanchipa en la rueda de prensa, detallando que \u00abse presentaron m\u00e1s de 70 pruebas\u00bb y casi una veintena de testimonios.<\/p>\n<p>La defensa de \u00c1\u00f1ez dijo que este mismo lunes present\u00f3 un nuevo recurso legal ante el TCP por inconstitucionalidad y pidi\u00f3 la suspensi\u00f3n de la audiencia, pero la demanda no fue atendida.<\/p>\n<p>\u00abEstos miembros del Tribunal de Sentencia, si es que a ultranza quieren continuar el juicio, van a incurrir en prevaricato y prevaricato es fallar en contra de la ley\u00bb, dijo Ala\u00edn de Canedo, uno de sus abogados.<\/p>\n<p>En las afueras del juzgado de La Paz unas 200 personas que dijeron representar organizaciones de v\u00edctimas del gobierno de \u00c1\u00f1ez hicieron una manifestaci\u00f3n pac\u00edfica, solicitando \u00ab30 a\u00f1os de c\u00e1rcel\u00bb.<\/p>\n<p>\u00c1\u00f1ez fue detenida apenas meses despu\u00e9s de haber entregado las riendas de la presidencia que sostuvo en capacidad de interina al l\u00edder electo Luis Arce, un aliado de Morales.<\/p>\n<p>Su arresto desat\u00f3 la indignaci\u00f3n internacional. Fue finalista en 2021 del premio S\u00e1jarov de defensa de los derechos humanos y de libertad de pensamiento, que entrega el parlamento europeo.<\/p>\n<p>El expresidente derechista Jorge Quiroga (2001-2002) denunci\u00f3 en Twitter un \u00ablinchamiento\u00bb contra \u00c1\u00f1ez y el partido de centro Alianza Comunidad Ciudadana del exmandatario Carlos Mesa (2003-2005) alert\u00f3 contra \u00abuna condena expedita y espuria\u00bb.<\/p>\n<p>El oficialismo y \u00absu justicia servil ya tendr\u00edan lista la sentencia condenatoria [&#8230;] vulnerando el debido proceso\u00bb, afirm\u00f3 el poderoso comit\u00e9 civil-empresarial de Santa Cruz (este), un actor clave en la oposici\u00f3n a Morales.<\/p>\n<p>Acusaciones por represi\u00f3n<\/p>\n<p>\u00c1\u00f1ez se convirti\u00f3 en la presidenta interina de Bolivia en noviembre de 2019 luego de que Morales, que hab\u00eda asegurado haber ganado un cuarto mandato consecutivo como presidente, huy\u00f3 del pa\u00eds en medio de protestas por un presunto fraude electoral.<\/p>\n<p>La OEA dijo entonces que hab\u00eda encontrado evidencias de irregularidades en la votaci\u00f3n a favor de Morales, que ten\u00eda 14 a\u00f1os en el poder.<\/p>\n<p>Las figuras legislativas que deb\u00edan suceder a Morales -todos miembros de su partido MAS- tambi\u00e9n renunciaron. De esta manera, \u00c1\u00f1ez, como segunda vicepresidenta del Senado, era la funcionaria de mayor rango restante.<\/p>\n<p>El Tribunal Constitucional reconoci\u00f3 entonces la legalidad de su mandato, pero miembros del MAS la acusaron de ileg\u00edtima.<\/p>\n<p>Las elecciones se hicieron en octubre de 2020 y las gan\u00f3 Arce. Morales regres\u00f3 a Bolivia un mes despu\u00e9s.<\/p>\n<p>\u00c1\u00f1ez fue detenida en marzo del a\u00f1o siguiente.<\/p>\n<p>En el arranque de su corta presidencia, \u00c1\u00f1ez orden\u00f3 la presencia en las calles de la polic\u00eda y militares para mantener el orden. La violencia de esos d\u00edas dej\u00f3 35 fallecidos, seg\u00fan un grupo de expertos contratado por la Comisi\u00f3n Interamericana de Derechos Humanos (CIDH) en acuerdo con Bolivia.<\/p>\n<p>Por ese caso la exmandataria tambi\u00e9n es se\u00f1alada de \u00abgenocidio\u00bb.<\/p>\n","protected":false},"excerpt":{"rendered":"<p>La Fiscal\u00eda de Bolivia anunci\u00f3 que pedir\u00e1 15 a\u00f1os de c\u00e1rcel para la expresidenta interina Jeanine \u00c1\u00f1ez, acusada de un supuesto golpe de Estado en 2019 contra el exmandatario Evo Morales, en el marco de su juicio que se reanud\u00f3 este lunes. La exmandataria derechista, de 54 a\u00f1os, que est\u00e1 en prisi\u00f3n preventiva desde marzo [&hellip;]<\/p>\n","protected":false},"author":19,"featured_media":213396,"comment_status":"closed","ping_status":"closed","sticky":false,"template":"","format":"standard","meta":{"footnotes":""},"categories":[8],"tags":[],"class_list":{"0":"post-213395","1":"post","2":"type-post","3":"status-publish","4":"format-standard","5":"has-post-thumbnail","7":"category-internacionales"},"_links":{"self":[{"href":"https:\/\/elluchador.info\/index.php?rest_route=\/wp\/v2\/posts\/213395","targetHints":{"allow":["GET"]}}],"collection":[{"href":"https:\/\/elluchador.info\/index.php?rest_route=\/wp\/v2\/posts"}],"about":[{"href":"https:\/\/elluchador.info\/index.php?rest_route=\/wp\/v2\/types\/post"}],"author":[{"embeddable":true,"href":"https:\/\/elluchador.info\/index.php?rest_route=\/wp\/v2\/users\/19"}],"replies":[{"embeddable":true,"href":"https:\/\/elluchador.info\/index.php?rest_route=%2Fwp%2Fv2%2Fcomments&post=213395"}],"version-history":[{"count":1,"href":"https:\/\/elluchador.info\/index.php?rest_route=\/wp\/v2\/posts\/213395\/revisions"}],"predecessor-version":[{"id":213397,"href":"https:\/\/elluchador.info\/index.php?rest_route=\/wp\/v2\/posts\/213395\/revisions\/213397"}],"wp:featuredmedia":[{"embeddable":true,"href":"https:\/\/elluchador.info\/index.php?rest_route=\/wp\/v2\/media\/213396"}],"wp:attachment":[{"href":"https:\/\/elluchador.info\/index.php?rest_route=%2Fwp%2Fv2%2Fmedia&parent=213395"}],"wp:term":[{"taxonomy":"category","embeddable":true,"href":"https:\/\/elluchador.info\/index.php?rest_route=%2Fwp%2Fv2%2Fcategories&post=213395"},{"taxonomy":"post_tag","embeddable":true,"href":"https:\/\/elluchador.info\/index.php?rest_route=%2Fwp%2Fv2%2Ftags&post=213395"}],"curies":[{"name":"wp","href":"https:\/\/api.w.org\/{rel}","templated":true}]}}