{"id":213398,"date":"2022-06-07T11:28:10","date_gmt":"2022-06-07T15:28:10","guid":{"rendered":"https:\/\/elluchador.info\/web\/?p=213398"},"modified":"2022-06-07T11:28:10","modified_gmt":"2022-06-07T15:28:10","slug":"un-hombre-mata-a-una-mujer-y-se-suicida-en-un-supermercado-de-alemania","status":"publish","type":"post","link":"https:\/\/elluchador.info\/?p=213398","title":{"rendered":"Un hombre mata a una mujer y se suicida en un supermercado de Alemania"},"content":{"rendered":"<p>Dos personas fueron encontradas sin vida despu\u00e9s de que se produjesen disparos en un supermercado de la localidad de Schwalmstadt-Treysa, en el oeste de Alemania, seg\u00fan anunci\u00f3 la polic\u00eda.<\/p>\n<p>Todav\u00eda se desconoce el contexto de los hechos y no hay indicios sobre lo que pudo motivar los disparos, inform\u00f3 la Direcci\u00f3n de Polic\u00eda del distrito de Schwalm-Eder en un comunicado a los medios, cit\u00f3 Efe.<\/p>\n<p>Seg\u00fan los testimonios de las personas que se encontraban en el lugar en el momento de producirse el ataque, el agresor fue un hombre, de 58 a\u00f1os, que asesin\u00f3 a una mujer, de 53, antes de quitarse la vida, indic\u00f3 la polic\u00eda.<\/p>\n<p>Las fuerzas de seguridad descartan que en el crimen hubiera implicaci\u00f3n de terceros o que exista un peligro para el resto de la poblaci\u00f3n, aunque la zona permanece acordonada por un amplio dispositivo policial.<\/p>\n<p>De acuerdo con una testigo citada por varios medios de comunicaci\u00f3n alemanes, entre ellos la cadena de televisi\u00f3n NTV, el autor de los disparos primero comenz\u00f3 a perseguir a la mujer por el supermercado.<\/p>\n<p>Cuando ella grit\u00f3 para pedir ayuda, \u00e9l hombre sac\u00f3 un arma de fuego y la mat\u00f3, para a continuaci\u00f3n suicidarse con un disparo a la cabeza.<\/p>\n<p>La fiscal\u00eda de la ciudad de Marburg ha asumido la investigaci\u00f3n de los hechos.<\/p>\n<p><strong>EU<\/strong><\/p>\n","protected":false},"excerpt":{"rendered":"<p>Dos personas fueron encontradas sin vida despu\u00e9s de que se produjesen disparos en un supermercado de la localidad de Schwalmstadt-Treysa, en el oeste de Alemania, seg\u00fan anunci\u00f3 la polic\u00eda. Todav\u00eda se desconoce el contexto de los hechos y no hay indicios sobre lo que pudo motivar los disparos, inform\u00f3 la Direcci\u00f3n de Polic\u00eda del distrito [&hellip;]<\/p>\n","protected":false},"author":19,"featured_media":213399,"comment_status":"closed","ping_status":"closed","sticky":false,"template":"","format":"standard","meta":{"footnotes":""},"categories":[8],"tags":[],"class_list":{"0":"post-213398","1":"post","2":"type-post","3":"status-publish","4":"format-standard","5":"has-post-thumbnail","7":"category-internacionales"},"_links":{"self":[{"href":"https:\/\/elluchador.info\/index.php?rest_route=\/wp\/v2\/posts\/213398","targetHints":{"allow":["GET"]}}],"collection":[{"href":"https:\/\/elluchador.info\/index.php?rest_route=\/wp\/v2\/posts"}],"about":[{"href":"https:\/\/elluchador.info\/index.php?rest_route=\/wp\/v2\/types\/post"}],"author":[{"embeddable":true,"href":"https:\/\/elluchador.info\/index.php?rest_route=\/wp\/v2\/users\/19"}],"replies":[{"embeddable":true,"href":"https:\/\/elluchador.info\/index.php?rest_route=%2Fwp%2Fv2%2Fcomments&post=213398"}],"version-history":[{"count":1,"href":"https:\/\/elluchador.info\/index.php?rest_route=\/wp\/v2\/posts\/213398\/revisions"}],"predecessor-version":[{"id":213400,"href":"https:\/\/elluchador.info\/index.php?rest_route=\/wp\/v2\/posts\/213398\/revisions\/213400"}],"wp:featuredmedia":[{"embeddable":true,"href":"https:\/\/elluchador.info\/index.php?rest_route=\/wp\/v2\/media\/213399"}],"wp:attachment":[{"href":"https:\/\/elluchador.info\/index.php?rest_route=%2Fwp%2Fv2%2Fmedia&parent=213398"}],"wp:term":[{"taxonomy":"category","embeddable":true,"href":"https:\/\/elluchador.info\/index.php?rest_route=%2Fwp%2Fv2%2Fcategories&post=213398"},{"taxonomy":"post_tag","embeddable":true,"href":"https:\/\/elluchador.info\/index.php?rest_route=%2Fwp%2Fv2%2Ftags&post=213398"}],"curies":[{"name":"wp","href":"https:\/\/api.w.org\/{rel}","templated":true}]}}