{"id":213425,"date":"2022-06-07T12:29:27","date_gmt":"2022-06-07T16:29:27","guid":{"rendered":"https:\/\/elluchador.info\/web\/?p=213425"},"modified":"2022-06-07T12:29:27","modified_gmt":"2022-06-07T16:29:27","slug":"asensio-decidira-su-futuro-con-el-real-madrid-tras-el-paron-de-selecciones","status":"publish","type":"post","link":"https:\/\/elluchador.info\/?p=213425","title":{"rendered":"Asensio decidir\u00e1 su futuro con el Real Madrid tras el par\u00f3n de selecciones"},"content":{"rendered":"<p>El internacional espa\u00f1ol Marco Asensio asegur\u00f3 que est\u00e1 \u00abbuscando continuidad\u201d, no solo por unos meses como ha tenido esta temporada con el Real Madrid, en los que defendi\u00f3 aport\u00f3 un nivel \u00abbueno\u00bb, y a la conclusi\u00f3n de los partidos con la selecci\u00f3n espa\u00f1ola el 12 de junio, decidir\u00e1 su futuro con el club con el que le queda un a\u00f1o de contrato.<\/p>\n<p>\u00abEstoy buscando regularidad, la quiero para los pr\u00f3ximos a\u00f1os porque para m\u00ed esa confianza es importante\u00bb, demand\u00f3 en rueda de prensa en Ginebra desde la ciudad deportiva del Servette donde se concentr\u00f3 la selecci\u00f3n espa\u00f1ola.<\/p>\n<p>Este a\u00f1o con Carlo Ancelotti de vuelta en el banquillo del Madrid Asensio ha ganado la liga espa\u00f1ola y Liga de Campeones y ha disputado 24 partidos en los que ha anotado 15 goles:<\/p>\n<p>\u00abEste a\u00f1o la he tenido un buen tramo de la temporada y el nivel ha sido bueno. Es lo que busco no solo para unos meses, para toda la temporada\u00bb, a\u00f1adi\u00f3.<\/p>\n<p>Asensio admiti\u00f3 que a\u00fan no ha tratado su situaci\u00f3n con el club ni ha trasladado su deseo. Lo har\u00e1 la pr\u00f3xima semana, cuando hayan pasado los partidos de la selecci\u00f3n espa\u00f1ola, que se medir\u00e1 el jueves a Suiza y el domingo a la Rep\u00fablica Checa.<\/p>\n<p>\u201cPuedo irme, renovar o quedarme en el Madrid y cumplir mi \u00faltimo a\u00f1o de contrato\u201d, dijo el atacante, quien indic\u00f3 que de momento s\u00f3lo piensa \u00aben la selecci\u00f3n\u201d.<\/p>\n<p>EFE<\/p>\n","protected":false},"excerpt":{"rendered":"<p>El internacional espa\u00f1ol Marco Asensio asegur\u00f3 que est\u00e1 \u00abbuscando continuidad\u201d, no solo por unos meses como ha tenido esta temporada con el Real Madrid, en los que defendi\u00f3 aport\u00f3 un nivel \u00abbueno\u00bb, y a la conclusi\u00f3n de los partidos con la selecci\u00f3n espa\u00f1ola el 12 de junio, decidir\u00e1 su futuro con el club con el [&hellip;]<\/p>\n","protected":false},"author":19,"featured_media":213426,"comment_status":"closed","ping_status":"closed","sticky":false,"template":"","format":"standard","meta":{"footnotes":""},"categories":[4],"tags":[],"class_list":{"0":"post-213425","1":"post","2":"type-post","3":"status-publish","4":"format-standard","5":"has-post-thumbnail","7":"category-deportes"},"_links":{"self":[{"href":"https:\/\/elluchador.info\/index.php?rest_route=\/wp\/v2\/posts\/213425","targetHints":{"allow":["GET"]}}],"collection":[{"href":"https:\/\/elluchador.info\/index.php?rest_route=\/wp\/v2\/posts"}],"about":[{"href":"https:\/\/elluchador.info\/index.php?rest_route=\/wp\/v2\/types\/post"}],"author":[{"embeddable":true,"href":"https:\/\/elluchador.info\/index.php?rest_route=\/wp\/v2\/users\/19"}],"replies":[{"embeddable":true,"href":"https:\/\/elluchador.info\/index.php?rest_route=%2Fwp%2Fv2%2Fcomments&post=213425"}],"version-history":[{"count":1,"href":"https:\/\/elluchador.info\/index.php?rest_route=\/wp\/v2\/posts\/213425\/revisions"}],"predecessor-version":[{"id":213427,"href":"https:\/\/elluchador.info\/index.php?rest_route=\/wp\/v2\/posts\/213425\/revisions\/213427"}],"wp:featuredmedia":[{"embeddable":true,"href":"https:\/\/elluchador.info\/index.php?rest_route=\/wp\/v2\/media\/213426"}],"wp:attachment":[{"href":"https:\/\/elluchador.info\/index.php?rest_route=%2Fwp%2Fv2%2Fmedia&parent=213425"}],"wp:term":[{"taxonomy":"category","embeddable":true,"href":"https:\/\/elluchador.info\/index.php?rest_route=%2Fwp%2Fv2%2Fcategories&post=213425"},{"taxonomy":"post_tag","embeddable":true,"href":"https:\/\/elluchador.info\/index.php?rest_route=%2Fwp%2Fv2%2Ftags&post=213425"}],"curies":[{"name":"wp","href":"https:\/\/api.w.org\/{rel}","templated":true}]}}