{"id":213494,"date":"2022-06-07T20:38:43","date_gmt":"2022-06-08T00:38:43","guid":{"rendered":"https:\/\/elluchador.info\/web\/?p=213494"},"modified":"2022-06-07T20:38:43","modified_gmt":"2022-06-08T00:38:43","slug":"gobernador-de-bolivar-anuncio-proximas-acciones-de-la-agenda-concreta","status":"publish","type":"post","link":"https:\/\/elluchador.info\/?p=213494","title":{"rendered":"Gobernador de Bol\u00edvar anunci\u00f3 pr\u00f3ximas acciones de la Agenda Concreta"},"content":{"rendered":"<p>Con una premisa que afirma el mandato popular y participativo de la poblaci\u00f3n, el gobernador \u00c1ngel Marcano, contin\u00faa en la ejecuci\u00f3n de la Agenda Concreta de Acci\u00f3n en el estado Bol\u00edvar.<\/p>\n<p>Recuperaci\u00f3n, rehabilitaci\u00f3n y embellecimiento de espacios \u00a0avanzan como punta de lanza en la gesti\u00f3n regional.<\/p>\n<p>El Gobernador habl\u00f3 en su programa radial del 1&#215;10 del Buen Gobierno, impulsado por el presidente Nicol\u00e1s Maduro para atender necesidades del pueblo, con el objetivo de construir un mapa de acci\u00f3n, que arroje respuestas precisas y eficaces.<\/p>\n<p><strong>En contacto con el pueblo <\/strong><\/p>\n<p>\u00abEn los recorridos que hemos realizado en cada municipio, dialogamos con el pueblo, escuchamos sus necesidades y creamos estructuras, que nos ayuden a mejorar su calidad de vida, porque el pueblo manda y nosotros obedecemos\u00bb. Afirm\u00f3 Marcano.<\/p>\n<p>Destac\u00f3 que en el seguimiento de los trabajos de construcci\u00f3n y reestructuraci\u00f3n no hay tregua, haciendo referencia al avance de labores en la c\u00e1rcava del sector Los Alacranes en el municipio Caron\u00ed, donde la clase obrera est\u00e1 haciendo todo un esfuerzo diario para culminar.<\/p>\n<p>\u00abYo soy de Los Alacranes, y as\u00ed como estoy trabajando junto con todo un equipo para ir transformando nuestro estado Bol\u00edvar, me esforzar\u00e9 para que el sector donde crec\u00ed renazca\u00bb.<\/p>\n<p><strong>Despliegue en sectores <\/strong><\/p>\n<p>En su alocuci\u00f3n, Marcano, habl\u00f3 del embellecimiento en los sectores; Do\u00f1a B\u00e1rbara, Villa Alianza y en la parroquia Unare del municipio Caron\u00ed. Resalt\u00f3 trabajos de recuperaci\u00f3n de los puentes; Primero de Mayo y Los Aceiticos, en el municipio Angostura del Orinoco.<\/p>\n<p>\u201cEstamos recuperando la Troncal 10, arteria que comunica al estado Bol\u00edvar con Brasil. Esta zona es recorrida constantemente por veh\u00edculos pesados y livianos.<\/p>\n<p>\u00abVamos a atender todas las c\u00e1rcavas, pero como son varias, lo haremos por prioridad, estamos en Los Alacranes, luego vamos cerca de Villa Alianza, y en Ciudad Bol\u00edvar, estamos atendiendo tres, junto con la clase obrera\u00bb.<\/p>\n<p><strong>Seis meses <\/strong><\/p>\n<p>Marcano asegur\u00f3 que en seis meses de gesti\u00f3n, a trav\u00e9s del intercambio de ideas con un equipo multidisciplinario, junto con el pueblo noble, ha logrado calar una confianza inquebrantable con trabajos palpables.<\/p>\n<p>Dijo que los cambios son fruct\u00edferos en el tema de la distribuci\u00f3n de agua, asfaltado, iluminaci\u00f3n y vialidad. \u00abEn la gira por Caicara, escuchamos al pueblo y buscamos soluciones, se estableci\u00f3 un plan de asfaltado, nos reunimos con una empresa privada para colocar m\u00e1s iluminaci\u00f3n en la poblaci\u00f3n, tambi\u00e9n se reestructurar\u00e1 el mercadito, vamos a crear condiciones con la misma gente\u00bb.<\/p>\n<p>Enfatiz\u00f3 que a trav\u00e9s de la nueva f\u00f3rmula de gesti\u00f3n, con el sistema 1&#215;10 del Buen Gobierno, la sinergia entre las UBCH y jefes de calle es primordial.<\/p>\n<p>En esta parte del programa particip\u00f3 el diputado Ronald Bastardo, quien asegur\u00f3 que el presidente Maduro ha planteado que este a\u00f1o se deben recuperar los servicios p\u00fablicos.<\/p>\n<p>\u201cVemos c\u00f3mo el gobernador \u00c1ngel Marcano impulsa la ejecuci\u00f3n de obras. Tenemos un sistema de salud que cada d\u00eda se optimiza, de igual manera la educaci\u00f3n, tanto en el tema de aprendizaje, como embellecimiento de las instituciones, sin dejar de mencionar el trabajo de la primera combatiente, Yajaira Arocha de Marcano\u201d.<\/p>\n<p><strong>Salud en vanguardia <\/strong><\/p>\n<p>El gobernador del estado Bol\u00edvar habl\u00f3 de la planificaci\u00f3n dentro del sistema de salud, gracias al esfuerzo y alianzas estrat\u00e9gicas con el Gobierno Nacional.<\/p>\n<p>Dijo que se han reacondicionado paulatinamente Centros de Diagn\u00f3sticos Integrales (CDI) de Nueva Chirica, 11 de Abril, Villa La Manga, Los Pr\u00f3ceres, Coviaguard, y Hospital Jos\u00e9 Gregorio Hern\u00e1ndez, adem\u00e1s de las inspecciones hechas en los \u00a0hospitales de Santa Elena de Uair\u00e9n, Ciudad Bol\u00edvar y Caron\u00ed.<\/p>\n<p>Habl\u00f3 del recorrido hecho en el municipio Gran Sabana, donde se realiz\u00f3 un mega operativo de venta de gas dom\u00e9stico a precios solidarios, minimizando el bachaqueo en la zona.<\/p>\n<p>En esta visita 25 trabajadores de Venalum, Alcasa, Ferrominera y Maderas del Orinoco, hicieron mejoras de infraestructura en escuelas, preescolares, liceos y vialidad en la poblaci\u00f3n ind\u00edgena Kumarakapay.<\/p>\n<p>\u00abNo vamos a Santa Elena a buscar oro, vamos a dar soluciones. Recorrimos el principal centro de salud, verificamos los servicios que ofrecen y atendimos solicitudes\u201d.<\/p>\n<p><strong>Producir la tierra <\/strong><\/p>\n<p>El gobernador Marcano hizo menci\u00f3n a la pr\u00f3xima siembra de ma\u00edz (Guanape) en la poblaci\u00f3n de San Francisco de la Paragua. Se estima la producci\u00f3n de alrededor de 15 hect\u00e1reas de grano. \u201cEstamos atentos a la siembra de 10 mil hect\u00e1reas de soya\u201d.<\/p>\n<p>Resalt\u00f3 que enviar\u00e1n a Caracas un informe que contempla el estado de abandono en que qued\u00f3 la empresa Hidrobol\u00edvar.<\/p>\n<p>Anunci\u00f3 la reinauguraci\u00f3n de la emergencia y cuidados intensivos del Hospital de Guaiparo. \u201cDentro de pocos d\u00edas reactivaremos Alfarer\u00eda Bol\u00edvar, con su primera producci\u00f3n de bloque de arcilla, que llegar\u00eda a 20 mil piezas por d\u00eda, con el objetivo de impulsar la construcci\u00f3n de viviendas en el estado Bol\u00edvar\u201d.<\/p>\n<p><strong>Destacado <\/strong><\/p>\n<p><strong>Castigo a quienes arrojen basura en las calles <\/strong><\/p>\n<p>El Gobernador pidi\u00f3 a la Polic\u00eda del Estado Bol\u00edvar y dem\u00e1s organismos de seguridad, poner mano dura a personas que est\u00e9n arrojando basura en las calles y avenidas.<\/p>\n<p>Afirm\u00f3 se viene realizando un trabajo con las diferentes Alcald\u00edas, pero que es responsabilidad de todos mantener una ciudad limpia. <strong>Prensa Gobernaci\u00f3n de Bol\u00edvar. <\/strong><\/p>\n","protected":false},"excerpt":{"rendered":"<p>Con una premisa que afirma el mandato popular y participativo de la poblaci\u00f3n, el gobernador \u00c1ngel Marcano, contin\u00faa en la ejecuci\u00f3n de la Agenda Concreta de Acci\u00f3n en el estado Bol\u00edvar. Recuperaci\u00f3n, rehabilitaci\u00f3n y embellecimiento de espacios \u00a0avanzan como punta de lanza en la gesti\u00f3n regional. El Gobernador habl\u00f3 en su programa radial del 1&#215;10 [&hellip;]<\/p>\n","protected":false},"author":19,"featured_media":213495,"comment_status":"closed","ping_status":"closed","sticky":false,"template":"","format":"standard","meta":{"footnotes":""},"categories":[5,12],"tags":[],"class_list":{"0":"post-213494","1":"post","2":"type-post","3":"status-publish","4":"format-standard","5":"has-post-thumbnail","7":"category-destacado","8":"category-regionales"},"_links":{"self":[{"href":"https:\/\/elluchador.info\/index.php?rest_route=\/wp\/v2\/posts\/213494","targetHints":{"allow":["GET"]}}],"collection":[{"href":"https:\/\/elluchador.info\/index.php?rest_route=\/wp\/v2\/posts"}],"about":[{"href":"https:\/\/elluchador.info\/index.php?rest_route=\/wp\/v2\/types\/post"}],"author":[{"embeddable":true,"href":"https:\/\/elluchador.info\/index.php?rest_route=\/wp\/v2\/users\/19"}],"replies":[{"embeddable":true,"href":"https:\/\/elluchador.info\/index.php?rest_route=%2Fwp%2Fv2%2Fcomments&post=213494"}],"version-history":[{"count":1,"href":"https:\/\/elluchador.info\/index.php?rest_route=\/wp\/v2\/posts\/213494\/revisions"}],"predecessor-version":[{"id":213496,"href":"https:\/\/elluchador.info\/index.php?rest_route=\/wp\/v2\/posts\/213494\/revisions\/213496"}],"wp:featuredmedia":[{"embeddable":true,"href":"https:\/\/elluchador.info\/index.php?rest_route=\/wp\/v2\/media\/213495"}],"wp:attachment":[{"href":"https:\/\/elluchador.info\/index.php?rest_route=%2Fwp%2Fv2%2Fmedia&parent=213494"}],"wp:term":[{"taxonomy":"category","embeddable":true,"href":"https:\/\/elluchador.info\/index.php?rest_route=%2Fwp%2Fv2%2Fcategories&post=213494"},{"taxonomy":"post_tag","embeddable":true,"href":"https:\/\/elluchador.info\/index.php?rest_route=%2Fwp%2Fv2%2Ftags&post=213494"}],"curies":[{"name":"wp","href":"https:\/\/api.w.org\/{rel}","templated":true}]}}