{"id":213497,"date":"2022-06-07T20:42:29","date_gmt":"2022-06-08T00:42:29","guid":{"rendered":"https:\/\/elluchador.info\/web\/?p=213497"},"modified":"2022-06-07T20:42:29","modified_gmt":"2022-06-08T00:42:29","slug":"gestion-sergio-hernandez-revitaliza-la-avenida-germania","status":"publish","type":"post","link":"https:\/\/elluchador.info\/?p=213497","title":{"rendered":"Gesti\u00f3n Sergio Hern\u00e1ndez revitaliza la avenida Germania"},"content":{"rendered":"<p>Con el objetivo de seguir potenciando las pol\u00edticas ambientales en Ciudad Bol\u00edvar, las cuadrillas de mantenimiento de la direcci\u00f3n de Servicios Generales Municipales iniciaron los trabajos de revitalizaci\u00f3n de la avenida Germania.<\/p>\n<p>El director de esta dependencia, Te\u00f3filo Le\u00f3n coment\u00f3 que bajo los lineamientos de la m\u00e1xima autoridad local se estableci\u00f3 el cronograma de trabajo de esta semana para intervenir varios sectores de la entidad capital.<\/p>\n<p>El director integral resalt\u00f3 que los equipos iniciaron las acometidas de limpieza, barrido, desmalezamiento y recolecci\u00f3n de desechos s\u00f3lidos.<\/p>\n<p>\u201cEsto para seguir potenciando los sectores de nuestro Altar de la Patria, porque la gesti\u00f3n del alcalde Sergio Hern\u00e1ndez tiene ocho a\u00f1os al servicio del pueblo, rumbo a los nueve\u201d, acot\u00f3 Le\u00f3n.<\/p>\n<p>A su vez hizo un llamado a las personas para que saquen sus desechos s\u00f3lidos en los horarios establecidos por la municipalidad, ya que muchas veces los animales destrozan las bolsas y la riegan por las calles.<\/p>\n<p>Culmin\u00f3 diciendo que estas acciones en pro del medio ambiente tambi\u00e9n se encuentran en el marco de las actividades del 1&#215;10 del Buen Gobierno.<strong> Prensa Alcald\u00eda A\/O.<\/strong><\/p>\n","protected":false},"excerpt":{"rendered":"<p>Con el objetivo de seguir potenciando las pol\u00edticas ambientales en Ciudad Bol\u00edvar, las cuadrillas de mantenimiento de la direcci\u00f3n de Servicios Generales Municipales iniciaron los trabajos de revitalizaci\u00f3n de la avenida Germania. El director de esta dependencia, Te\u00f3filo Le\u00f3n coment\u00f3 que bajo los lineamientos de la m\u00e1xima autoridad local se estableci\u00f3 el cronograma de trabajo [&hellip;]<\/p>\n","protected":false},"author":19,"featured_media":213498,"comment_status":"closed","ping_status":"closed","sticky":false,"template":"","format":"standard","meta":{"footnotes":""},"categories":[5,20],"tags":[],"class_list":{"0":"post-213497","1":"post","2":"type-post","3":"status-publish","4":"format-standard","5":"has-post-thumbnail","7":"category-destacado","8":"category-municipal"},"_links":{"self":[{"href":"https:\/\/elluchador.info\/index.php?rest_route=\/wp\/v2\/posts\/213497","targetHints":{"allow":["GET"]}}],"collection":[{"href":"https:\/\/elluchador.info\/index.php?rest_route=\/wp\/v2\/posts"}],"about":[{"href":"https:\/\/elluchador.info\/index.php?rest_route=\/wp\/v2\/types\/post"}],"author":[{"embeddable":true,"href":"https:\/\/elluchador.info\/index.php?rest_route=\/wp\/v2\/users\/19"}],"replies":[{"embeddable":true,"href":"https:\/\/elluchador.info\/index.php?rest_route=%2Fwp%2Fv2%2Fcomments&post=213497"}],"version-history":[{"count":1,"href":"https:\/\/elluchador.info\/index.php?rest_route=\/wp\/v2\/posts\/213497\/revisions"}],"predecessor-version":[{"id":213499,"href":"https:\/\/elluchador.info\/index.php?rest_route=\/wp\/v2\/posts\/213497\/revisions\/213499"}],"wp:featuredmedia":[{"embeddable":true,"href":"https:\/\/elluchador.info\/index.php?rest_route=\/wp\/v2\/media\/213498"}],"wp:attachment":[{"href":"https:\/\/elluchador.info\/index.php?rest_route=%2Fwp%2Fv2%2Fmedia&parent=213497"}],"wp:term":[{"taxonomy":"category","embeddable":true,"href":"https:\/\/elluchador.info\/index.php?rest_route=%2Fwp%2Fv2%2Fcategories&post=213497"},{"taxonomy":"post_tag","embeddable":true,"href":"https:\/\/elluchador.info\/index.php?rest_route=%2Fwp%2Fv2%2Ftags&post=213497"}],"curies":[{"name":"wp","href":"https:\/\/api.w.org\/{rel}","templated":true}]}}