{"id":216037,"date":"2022-06-27T21:57:17","date_gmt":"2022-06-28T01:57:17","guid":{"rendered":"https:\/\/elluchador.info\/web\/?p=216037"},"modified":"2022-06-27T21:57:17","modified_gmt":"2022-06-28T01:57:17","slug":"pequenos-de-la-ueb-la-lorena-diran-presente-en-el-i-encuentro-tecnologico","status":"publish","type":"post","link":"https:\/\/elluchador.info\/?p=216037","title":{"rendered":"Peque\u00f1os de la UEB La Lorena dir\u00e1n presente en el I Encuentro Tecnol\u00f3gico"},"content":{"rendered":"<p>Hasta las instalaciones del Diario El Luchador, acudieron los maestros y peque\u00f1os de la UEB La Lorena de Ciudad Bol\u00edvar para invitar a las personas a lo que ser\u00e1 la VI Feria de la Lectura y el I Encuentro Tecnol\u00f3gico que se realizar\u00e1 este 29 de junio en los espacios de este plantel educativo.<\/p>\n<p>La maestra, Yeny Ortega, coment\u00f3 que los peque\u00f1os visitaron los distintos medios de comunicaci\u00f3n para efectuar la invitaci\u00f3n a lo que ser\u00e1 un encuentro de saberes, tecnolog\u00eda y trabajo en equipo.<\/p>\n<p>Adem\u00e1s, indic\u00f3 que el evento est\u00e1 pautado para este 29 de junio donde los ni\u00f1os y ni\u00f1as, brindar\u00e1n sus aportes para seguir impulsando una educaci\u00f3n de primera, basada en la preparaci\u00f3n, adecuaci\u00f3n de las materias y pr\u00e1cticas.<\/p>\n<p>Resalt\u00f3 que, con estas actividades se contin\u00faa incentivando a los j\u00f3venes a mantener el h\u00e1bito de la lectura y apostar a las nuevas tecnolog\u00edas, ya que estamos viviendo la era digital.<\/p>\n<p>En otro orden de ideas, coment\u00f3 que por el D\u00eda Nacional del Periodista, los peque\u00f1os felicitaron a todos los comunicadores a trav\u00e9s del radio peri\u00f3dico \u201cNoti Sarrapia\u201d, siendo el estado Bol\u00edvar la cuna del periodismo y su legado, en materia informativa.<\/p>\n<p>Finaliz\u00f3 haciendo una invitaci\u00f3n a las personas, para que a partir el 29 de junio se acerquen y puedan disfrutar de estas actividades que potencian el proceso de formaci\u00f3n de los peque\u00f1os. Jos\u00e9 Alejandro Ram\u00edrez J \/\u00a0Ciudad Bol\u00edvar<\/p>\n","protected":false},"excerpt":{"rendered":"<p>Hasta las instalaciones del Diario El Luchador, acudieron los maestros y peque\u00f1os de la UEB La Lorena de Ciudad Bol\u00edvar para invitar a las personas a lo que ser\u00e1 la VI Feria de la Lectura y el I Encuentro Tecnol\u00f3gico que se realizar\u00e1 este 29 de junio en los espacios de este plantel educativo. La [&hellip;]<\/p>\n","protected":false},"author":19,"featured_media":216033,"comment_status":"closed","ping_status":"closed","sticky":false,"template":"","format":"standard","meta":{"footnotes":""},"categories":[5,21],"tags":[],"class_list":{"0":"post-216037","1":"post","2":"type-post","3":"status-publish","4":"format-standard","5":"has-post-thumbnail","7":"category-destacado","8":"category-visita-a-la-redaccion"},"_links":{"self":[{"href":"https:\/\/elluchador.info\/index.php?rest_route=\/wp\/v2\/posts\/216037","targetHints":{"allow":["GET"]}}],"collection":[{"href":"https:\/\/elluchador.info\/index.php?rest_route=\/wp\/v2\/posts"}],"about":[{"href":"https:\/\/elluchador.info\/index.php?rest_route=\/wp\/v2\/types\/post"}],"author":[{"embeddable":true,"href":"https:\/\/elluchador.info\/index.php?rest_route=\/wp\/v2\/users\/19"}],"replies":[{"embeddable":true,"href":"https:\/\/elluchador.info\/index.php?rest_route=%2Fwp%2Fv2%2Fcomments&post=216037"}],"version-history":[{"count":1,"href":"https:\/\/elluchador.info\/index.php?rest_route=\/wp\/v2\/posts\/216037\/revisions"}],"predecessor-version":[{"id":216038,"href":"https:\/\/elluchador.info\/index.php?rest_route=\/wp\/v2\/posts\/216037\/revisions\/216038"}],"wp:featuredmedia":[{"embeddable":true,"href":"https:\/\/elluchador.info\/index.php?rest_route=\/wp\/v2\/media\/216033"}],"wp:attachment":[{"href":"https:\/\/elluchador.info\/index.php?rest_route=%2Fwp%2Fv2%2Fmedia&parent=216037"}],"wp:term":[{"taxonomy":"category","embeddable":true,"href":"https:\/\/elluchador.info\/index.php?rest_route=%2Fwp%2Fv2%2Fcategories&post=216037"},{"taxonomy":"post_tag","embeddable":true,"href":"https:\/\/elluchador.info\/index.php?rest_route=%2Fwp%2Fv2%2Ftags&post=216037"}],"curies":[{"name":"wp","href":"https:\/\/api.w.org\/{rel}","templated":true}]}}