{"id":216039,"date":"2022-06-27T22:10:20","date_gmt":"2022-06-28T02:10:20","guid":{"rendered":"https:\/\/elluchador.info\/web\/?p=216039"},"modified":"2022-06-27T22:10:20","modified_gmt":"2022-06-28T02:10:20","slug":"periodistas-bolivarenses-celebraron-su-dia-en-ciudad-bolivar","status":"publish","type":"post","link":"https:\/\/elluchador.info\/?p=216039","title":{"rendered":"Periodistas bolivarenses celebraron su d\u00eda en Ciudad Bol\u00edvar"},"content":{"rendered":"<p>Con un ameno compartir entre colegas y amigos, periodistas de Ciudad Bol\u00edvar celebraron su d\u00eda, este lunes, desde la sede gremial ubicada en la urbanizaci\u00f3n Caprenco.<\/p>\n<p>&nbsp;<\/p>\n<p><img loading=\"lazy\" decoding=\"async\" class=\"alignnone size-medium wp-image-216044\" src=\"https:\/\/elluchador.info\/web\/wp-content\/uploads\/2022\/06\/periodistasX-300x225.jpg\" alt=\"\" width=\"300\" height=\"225\" srcset=\"https:\/\/elluchador.info\/wp-content\/uploads\/2022\/06\/periodistasX-300x225.jpg 300w, https:\/\/elluchador.info\/wp-content\/uploads\/2022\/06\/periodistasX-1024x768.jpg 1024w, https:\/\/elluchador.info\/wp-content\/uploads\/2022\/06\/periodistasX-768x576.jpg 768w, https:\/\/elluchador.info\/wp-content\/uploads\/2022\/06\/periodistasX-1536x1152.jpg 1536w, https:\/\/elluchador.info\/wp-content\/uploads\/2022\/06\/periodistasX-2048x1536.jpg 2048w, https:\/\/elluchador.info\/wp-content\/uploads\/2022\/06\/periodistasX-560x420.jpg 560w, https:\/\/elluchador.info\/wp-content\/uploads\/2022\/06\/periodistasX-80x60.jpg 80w, https:\/\/elluchador.info\/wp-content\/uploads\/2022\/06\/periodistasX-100x75.jpg 100w, https:\/\/elluchador.info\/wp-content\/uploads\/2022\/06\/periodistasX-180x135.jpg 180w, https:\/\/elluchador.info\/wp-content\/uploads\/2022\/06\/periodistasX-238x178.jpg 238w, https:\/\/elluchador.info\/wp-content\/uploads\/2022\/06\/periodistasX-640x480.jpg 640w, https:\/\/elluchador.info\/wp-content\/uploads\/2022\/06\/periodistasX-681x511.jpg 681w\" sizes=\"auto, (max-width: 300px) 100vw, 300px\" \/><\/p>\n<p>El encuentro de comunicadores inici\u00f3 a las 9:00 a.m. con una misa de acci\u00f3n de gracias, oficiada por el padre Hermes Bastidas, p\u00e1rroco de la iglesia Virgen del Valle y vicario general de la Arquidi\u00f3cesis de Ciudad Bol\u00edvar.<\/p>\n<p>El acto continu\u00f3 con las palabras de bienvenida, a cargo de la secretar\u00eda general del Colegio Nacional de Periodistas (CNP) seccional Ciudad Bol\u00edvar, Carolina Maffia, quien estuvo acompa\u00f1ada por los dem\u00e1s miembros de la junta directiva: Reinaldo Maya, secretario de Deportes del CNP; Yanitza Mart\u00ednez, secretaria de Asuntos Profesionales, Oswaldo Utrera y Ana Cecilia Urdaneta.<\/p>\n<p><img loading=\"lazy\" decoding=\"async\" class=\"alignnone size-medium wp-image-216041\" src=\"https:\/\/elluchador.info\/web\/wp-content\/uploads\/2022\/06\/eventox-300x225.jpg\" alt=\"\" width=\"300\" height=\"225\" srcset=\"https:\/\/elluchador.info\/wp-content\/uploads\/2022\/06\/eventox-300x225.jpg 300w, https:\/\/elluchador.info\/wp-content\/uploads\/2022\/06\/eventox-1024x767.jpg 1024w, https:\/\/elluchador.info\/wp-content\/uploads\/2022\/06\/eventox-768x575.jpg 768w, https:\/\/elluchador.info\/wp-content\/uploads\/2022\/06\/eventox-1536x1150.jpg 1536w, https:\/\/elluchador.info\/wp-content\/uploads\/2022\/06\/eventox-2048x1533.jpg 2048w, https:\/\/elluchador.info\/wp-content\/uploads\/2022\/06\/eventox-561x420.jpg 561w, https:\/\/elluchador.info\/wp-content\/uploads\/2022\/06\/eventox-80x60.jpg 80w, https:\/\/elluchador.info\/wp-content\/uploads\/2022\/06\/eventox-100x75.jpg 100w, https:\/\/elluchador.info\/wp-content\/uploads\/2022\/06\/eventox-180x135.jpg 180w, https:\/\/elluchador.info\/wp-content\/uploads\/2022\/06\/eventox-238x178.jpg 238w, https:\/\/elluchador.info\/wp-content\/uploads\/2022\/06\/eventox-640x479.jpg 640w, https:\/\/elluchador.info\/wp-content\/uploads\/2022\/06\/eventox-681x510.jpg 681w\" sizes=\"auto, (max-width: 300px) 100vw, 300px\" \/><\/p>\n<p>\u201cNos llena de satisfacci\u00f3n que despu\u00e9s de haber pasado dos a\u00f1os de pandemia estemos hoy compartiendo con colegas colegiados y no colegiados, a quienes le hicimos la invitaci\u00f3n, porque al fin y al cabo somos una familia. Es maravilloso volver a reencontrarnos y festejar de manera sencilla, pero significativa, nuestro d\u00eda\u201d, expres\u00f3 Maffia.<\/p>\n<p><img loading=\"lazy\" decoding=\"async\" class=\"alignnone size-medium wp-image-216042\" src=\"https:\/\/elluchador.info\/web\/wp-content\/uploads\/2022\/06\/luchadorx-300x225.jpg\" alt=\"\" width=\"300\" height=\"225\" srcset=\"https:\/\/elluchador.info\/wp-content\/uploads\/2022\/06\/luchadorx-300x225.jpg 300w, https:\/\/elluchador.info\/wp-content\/uploads\/2022\/06\/luchadorx-1024x768.jpg 1024w, https:\/\/elluchador.info\/wp-content\/uploads\/2022\/06\/luchadorx-768x576.jpg 768w, https:\/\/elluchador.info\/wp-content\/uploads\/2022\/06\/luchadorx-1536x1152.jpg 1536w, https:\/\/elluchador.info\/wp-content\/uploads\/2022\/06\/luchadorx-2048x1536.jpg 2048w, https:\/\/elluchador.info\/wp-content\/uploads\/2022\/06\/luchadorx-560x420.jpg 560w, https:\/\/elluchador.info\/wp-content\/uploads\/2022\/06\/luchadorx-80x60.jpg 80w, https:\/\/elluchador.info\/wp-content\/uploads\/2022\/06\/luchadorx-100x75.jpg 100w, https:\/\/elluchador.info\/wp-content\/uploads\/2022\/06\/luchadorx-180x135.jpg 180w, https:\/\/elluchador.info\/wp-content\/uploads\/2022\/06\/luchadorx-238x178.jpg 238w, https:\/\/elluchador.info\/wp-content\/uploads\/2022\/06\/luchadorx-640x480.jpg 640w, https:\/\/elluchador.info\/wp-content\/uploads\/2022\/06\/luchadorx-681x511.jpg 681w\" sizes=\"auto, (max-width: 300px) 100vw, 300px\" \/><\/p>\n<p>El cronista de la ciudad, Am\u00e9rico Fern\u00e1ndez, fungi\u00f3 como orador de orden. \u201cLa verdadera historia del periodismo libre en Am\u00e9rica se inicia el 27 de junio de 1818, aqu\u00ed, en nuestra capital\u201d, destac\u00f3 durante su discurso en el que se pase\u00f3 por la historia del periodismo en Venezuela desde, la publicaci\u00f3n de la primera Gaceta de Caracas en 1808, la fundaci\u00f3n del Correo del Orinoco en 1818, hasta nuestros d\u00edas.<\/p>\n<p>Luego, la directiva del CNP hizo entrega de reconocimientos por su destacada labor y trayectoria period\u00edstica en la ciudad a los profesionales Am\u00e9rico Fern\u00e1ndez, Armando Obdola Bello, Gledis Bonilla y Jos\u00e9 Cecilio Betancourt.<\/p>\n<p>&nbsp;<\/p>\n<p>Finalmente, la familia cenepista disfrut\u00f3 de un compartir en el que cantaron cumplea\u00f1os a la sede de la seccional ciudad Bol\u00edvar que arrib\u00f3 a sus primeros 46 a\u00f1os.<\/p>\n<p>Como cada 27 de junio, se celebra en Venezuela en D\u00eda del Periodista para honrar el d\u00eda en el que el Libertador, Sim\u00f3n Bol\u00edvar, fund\u00f3 el Correo del Orinoco. Gledis Bonilla\/ Ciudad Bol\u00edvar<\/p>\n","protected":false},"excerpt":{"rendered":"<p>Con un ameno compartir entre colegas y amigos, periodistas de Ciudad Bol\u00edvar celebraron su d\u00eda, este lunes, desde la sede gremial ubicada en la urbanizaci\u00f3n Caprenco. &nbsp; El encuentro de comunicadores inici\u00f3 a las 9:00 a.m. con una misa de acci\u00f3n de gracias, oficiada por el padre Hermes Bastidas, p\u00e1rroco de la iglesia Virgen del [&hellip;]<\/p>\n","protected":false},"author":19,"featured_media":216040,"comment_status":"closed","ping_status":"closed","sticky":false,"template":"","format":"standard","meta":{"footnotes":""},"categories":[2,5],"tags":[],"class_list":{"0":"post-216039","1":"post","2":"type-post","3":"status-publish","4":"format-standard","5":"has-post-thumbnail","7":"category-comunidad","8":"category-destacado"},"_links":{"self":[{"href":"https:\/\/elluchador.info\/index.php?rest_route=\/wp\/v2\/posts\/216039","targetHints":{"allow":["GET"]}}],"collection":[{"href":"https:\/\/elluchador.info\/index.php?rest_route=\/wp\/v2\/posts"}],"about":[{"href":"https:\/\/elluchador.info\/index.php?rest_route=\/wp\/v2\/types\/post"}],"author":[{"embeddable":true,"href":"https:\/\/elluchador.info\/index.php?rest_route=\/wp\/v2\/users\/19"}],"replies":[{"embeddable":true,"href":"https:\/\/elluchador.info\/index.php?rest_route=%2Fwp%2Fv2%2Fcomments&post=216039"}],"version-history":[{"count":1,"href":"https:\/\/elluchador.info\/index.php?rest_route=\/wp\/v2\/posts\/216039\/revisions"}],"predecessor-version":[{"id":216046,"href":"https:\/\/elluchador.info\/index.php?rest_route=\/wp\/v2\/posts\/216039\/revisions\/216046"}],"wp:featuredmedia":[{"embeddable":true,"href":"https:\/\/elluchador.info\/index.php?rest_route=\/wp\/v2\/media\/216040"}],"wp:attachment":[{"href":"https:\/\/elluchador.info\/index.php?rest_route=%2Fwp%2Fv2%2Fmedia&parent=216039"}],"wp:term":[{"taxonomy":"category","embeddable":true,"href":"https:\/\/elluchador.info\/index.php?rest_route=%2Fwp%2Fv2%2Fcategories&post=216039"},{"taxonomy":"post_tag","embeddable":true,"href":"https:\/\/elluchador.info\/index.php?rest_route=%2Fwp%2Fv2%2Ftags&post=216039"}],"curies":[{"name":"wp","href":"https:\/\/api.w.org\/{rel}","templated":true}]}}