{"id":216047,"date":"2022-06-27T22:12:11","date_gmt":"2022-06-28T02:12:11","guid":{"rendered":"https:\/\/elluchador.info\/web\/?p=216047"},"modified":"2022-06-27T22:12:11","modified_gmt":"2022-06-28T02:12:11","slug":"angel-marcano-articulacion-integral-ha-permitido-dar-respuestas-al-pueblo-de-bolivar","status":"publish","type":"post","link":"https:\/\/elluchador.info\/?p=216047","title":{"rendered":"\u00c1ngel Marcano: Articulaci\u00f3n integral ha permitido dar respuestas al pueblo de Bol\u00edvar"},"content":{"rendered":"<p>Gracias al engranaje entre el Gobierno nacional, regional, local y comunal, las respuestas hacia el pueblo son precisas y contundentes a trav\u00e9s del 1&#215;10 del Buen Gobierno, impulsado por el presidente Nicol\u00e1s Maduro.<\/p>\n<p>As\u00ed lo inform\u00f3 este lunes el gobernador del estado Bol\u00edvar, \u00c1ngel Marcano, en su programa radial, donde detall\u00f3 que luego de asumir las riendas de la Gobernaci\u00f3n, se priorizaron las necesidades.<\/p>\n<p>Destac\u00f3 que en primer orden est\u00e1 salud, seguidamente el tema hidrol\u00f3gico, alumbrado, vialidad, educaci\u00f3n, seguridad, entre otros, logrando hasta la fecha cambios transcendentales.<\/p>\n<p>El mandatario regional anunci\u00f3 la \u201cRuta Integral de Salud\u201d, que iniciar\u00e1 desde la poblaci\u00f3n de Santa Elena de Uair\u00e9n en el municipio Gran Sabana, donde participar\u00e1n m\u00e1s de 80 brigadistas y un equipo multidisciplinario.<\/p>\n<p>Resalt\u00f3 que el objetivo es atender las necesidades de la poblaci\u00f3n. A\u00f1adi\u00f3 que en este gran despliegue, se han sumado camiones cargados de insumos y materiales para el pueblo, otorgado por la gesti\u00f3n del presidente Nicol\u00e1s Maduro.<\/p>\n<p><strong>Atenci\u00f3n y salud<\/strong><\/p>\n<p>\u201cYa ha salido una ruta integral para atender a nuestro pueblo, iniciamos desde Santa Elena, contamos con camiones bolivarianos, que nos ha dado nuestro presidente Nicol\u00e1s Maduro, con el fin de curar las heridas de estos \u00faltimos cuatro a\u00f1os, de ataques, sanciones y flojera, de aquellos que no quisieron hacer nada\u201d, mencion\u00f3 Marcano.<\/p>\n<p>Tambi\u00e9n habl\u00f3 de la integraci\u00f3n del gremio de m\u00e9dicos, quienes en su mayor\u00eda hab\u00edan desistido por carencia de muchos factores, pero que hoy son los que est\u00e1n al frente de esta gran responsabilidad social, trabajando en un solo gobierno y con toda la disposici\u00f3n humana.<\/p>\n<p>\u201cEn los hospitales tenemos a j\u00f3venes que est\u00e1n dando lo mejor, que han transformado la salud con nuestro apoyo, porque nos hemos sentado a debatir ideas y a subsanar conflictos pasados\u201d, detall\u00f3 el gobernador.<\/p>\n<p>&nbsp;<\/p>\n<p>El mandatario regional catalog\u00f3 este tiempo como de construcci\u00f3n por la patria, sin distinci\u00f3n de color o posici\u00f3n. \u201cGracias al trabajo articulado se han ido recuperado los hospitales, ya vemos cambios en Uyapar y en Guaiparo\u201d.<\/p>\n<p>\u201cCuando lo recibimos no contaban con laboratorios, ni banco de sangre, las emergencias estaban en decadencia, hoy la realidad es otra\u201d, indic\u00f3 Marcano.<\/p>\n<p><strong>Lucha contra la pandemia<\/strong><\/p>\n<p>Por su parte, la autoridad \u00fanica de Salud en la regi\u00f3n, doctor Manuel Maurera, dijo que recibieron en la lucha contra la pandemia 36 puestos de inmunizaci\u00f3n, y que en la actualidad el estado Bol\u00edvar cuenta con 186 espacios disponibles, con personal capacitado para atender a los bolivarenses<\/p>\n<p>\u201cGracias al trabajo en conjunto, cumplimos con las instrucciones del presidente Nicol\u00e1s Maduro en el tema de salud, hemos cerrado las salas Covid-19 para reactivar las emergencias de nuestros hospitales. Contamos con el apoyo de Farmapatria e insumos necesarios\u201d, mencion\u00f3.<\/p>\n<p>El doctor Maurera, hizo menci\u00f3n a la reducci\u00f3n de la mortalidad infantil, tema alarmante en los \u00faltimos a\u00f1os. Aplaudi\u00f3 el esfuerzo del gobernador \u00c1ngel Marcano para el fortalecimiento de los Centros de Diagn\u00f3sticos Integrales (CDI).<\/p>\n<p>\u201cHemos abarcado cada una de las jurisdicciones, desde la zona Sur, hasta Caicara del Orinoco. La semana pasada en compa\u00f1\u00eda del alcalde de Cede\u00f1o, Milthon Tovar, se reinaugur\u00f3 la Sala de Maternidad en el Hospital Arnoldo Gabald\u00f3n\u201d, dijo.<\/p>\n<p>El doctor Maurera asegur\u00f3 que la premisa es que las mujeres en proceso de parto, sean intervenidas en Caicara del Orinoco, y no tengan necesidad de ser trasladadas hasta el Hospital Ruiz y P\u00e1ez del municipio Angostura del Orinoco.<\/p>\n<p><strong>Salud con amor y vocaci\u00f3n<\/strong><\/p>\n<p>El presidente del Instituto de Salud P\u00fablica (ISP Bol\u00edvar) toc\u00f3 el tema de la rehabilitaci\u00f3n en las \u00e1reas del Complejo Universitario Hospital Ruiz y P\u00e1ez, para mejorar los quir\u00f3fanos, agradeci\u00f3 apoyo de las organizaciones humanitarias internacionales.<\/p>\n<p>El gobernador, \u00c1ngel Marcano, resalt\u00f3 la importancia de las jornadas de\u00a0 \u201cligaduras\u201d. Comunic\u00f3 que hasta la fecha se han ejecutado m\u00e1s de 120 procesos de cauterizaci\u00f3n.<\/p>\n<p>Tambi\u00e9n se han hecho m\u00e1s de 200 operaciones de cataratas. \u201cEstamos operando 20 pacientes diarios, el presidente Maduro nos mand\u00f3 los lentes para quienes han sido intervenidos\u201d.<\/p>\n<p>\u201cHemos colocado 200 f\u00edstulas, no estamos negociando con la salud, estamos atendiendo dignamente al pueblo\u201d, dijo Marcano.<\/p>\n<p>&nbsp;<\/p>\n<p>Inform\u00f3 que dentro de la articulaci\u00f3n se activar\u00e1 para la poblaci\u00f3n el quir\u00f3fano del Hospital Militar. Dijo que los quir\u00f3fanos m\u00f3viles est\u00e1n a la orden para intervenciones menores.<\/p>\n<p>\u201cHa sido un trabajo en conjunto, sin dejar de lado al sector privado, que ha sido fundamental su apoyo para atender las m\u00faltiples necesidades\u201d.<\/p>\n<p><strong>No invadir propiedades privadas<\/strong><\/p>\n<p>Durante el programa el mandatario regional hizo menci\u00f3n al tema de las invasiones. Exhort\u00f3 a la ciudadan\u00eda a no incurrir en el delito de invasi\u00f3n a la propiedad privada.<\/p>\n<p>Asegur\u00f3 que ya tiene un plan de construcci\u00f3n y sustituci\u00f3n de ranchos por casas dignas. \u201cNo queremos caos innecesarios, estamos para ayudarnos, pero respetemos las construcciones privadas\u201d.<\/p>\n<p>\u201cNo promovemos invasiones, debemos articular con Inviobras Bol\u00edvar, en marco de respeto, porque la mayor\u00eda ha dado la inversi\u00f3n de sus propiedades. El Gobernador no es enemigo de ninguno, pero debemos respetar, debe haber un orden para que exista un estado de derecho\u201d. Asever\u00f3.<\/p>\n<p><strong>Transformaci\u00f3n de las empresas b\u00e1sicas<\/strong><\/p>\n<p>Marcano pidi\u00f3 a la clase obrera de Sidor seguir en pie de lucha por la transformaci\u00f3n del estado Bol\u00edvar y trabajar por el equilibrio total de las empresas b\u00e1sicas.<\/p>\n<p>\u201cMi mensaje a la clase obrera es que aqu\u00ed tienen a un trabajador m\u00e1s, yo s\u00e9 que hemos sufrido en los \u00faltimos tiempos un deterioro en los contratos colectivos, venimos de ganar 20 d\u00f3lares a 300 d\u00f3lares, ya hemos salido adelante, aunque no hemos llegado al punto de equilibrio, seguimos mejorando\u201d.<\/p>\n<p>Invit\u00f3 al pueblo obrero a participar en la marcha de este mi\u00e9rcoles, que tendr\u00e1 concentraci\u00f3n en la Redoma de Bauxilum, conocida como \u201cLa Pi\u00f1a\u201d en Puerto Ordaz.<\/p>\n<p>\u201cEste mi\u00e9rcoles tenemos reuni\u00f3n con algunos ministros, para lograr atender la recuperaci\u00f3n y estabilidad de las empresas b\u00e1sicas, no podemos caer en provocaciones\u201d.<\/p>\n<p><strong>Sifontes agradecido<\/strong><\/p>\n<p>El alcalde del municipio Sifontes, Vicente Rojas, agradeci\u00f3 el apoyo del gobernador Marcano, luego de la crecida del r\u00edo Yuruan\u00ed, donde atendieron a m\u00e1s de 500 familias afectadas.<\/p>\n<p>\u201cGracias al respaldo de nuestro presidente Nicol\u00e1s Maduro y al gobernador, \u00c1ngel Marcano, dimos respuestas a estas familias con insumos, medicinas, colchones, mosquiteros, filtros de agua y muchas cosas m\u00e1s\u201d, manifest\u00f3.<\/p>\n<p>&nbsp;<\/p>\n<p>Inform\u00f3 que desde el 29 de junio, hasta el 4 de julio,\u00a0 se\u00a0 realizar\u00e1 una mega jornada integral en la poblaci\u00f3n, a trav\u00e9s de la Ruta de Salud impulsada por el Ejecutivo Nacional y por la Gobernaci\u00f3n de Bol\u00edvar.<\/p>\n<p>Detall\u00f3 que ya fueron instaladas las primeras bombas de agua, que beneficiar\u00e1n a los habitantes de Las Claritas 1,2,3, y en los pr\u00f3ximos d\u00edas, abarcar\u00e1n la zona de la frontera para el rebombeo, cumpliendo con el compromiso asumido por el mandatario regional.<\/p>\n<p><strong>Eventos deportivos<\/strong><\/p>\n<p>Para finalizar el gobernador \u00c1ngel Marcano convers\u00f3 con el alcalde de Caron\u00ed, Tito Oviedo, de los eventos deportivos que se realizar\u00e1n en la regi\u00f3n en los pr\u00f3ximos d\u00edas.<\/p>\n<p>Dijo que se viene el Panamericano Sub 23 de Softbol en el estadio de Ferrominera en Puerto Ordaz, donde participar\u00e1n ocho pa\u00edses. \u201cEs un orgullo que nuestro estado Bol\u00edvar sea tomado en cuenta, por ello hemos adecuado los espacios, v\u00edas de traslado, punto y circulo, seguridad, alumbrado y pintura del lugar donde se har\u00e1n los eventos\u201d.<\/p>\n<p>Inform\u00f3 la recuperaci\u00f3n paulatina de la carretera nacional entre Puerto Ordaz y Ciudad Bol\u00edvar para la competencia de ciclismo. Se mostr\u00f3 orgulloso de que Bol\u00edvar est\u00e9 en el quinto lugar en posicionamiento deportivo.<\/p>\n<p>\u201cGracias a la participaci\u00f3n de los atletas, que han dejado a la regi\u00f3n en alto. Se espera que en los pr\u00f3ximos d\u00edas culminen las adecuaciones para las actividades, y as\u00ed\u00a0 continuar apoyando la masificaci\u00f3n del deporte\u201d. Reiter\u00f3 el Gobernador.<\/p>\n","protected":false},"excerpt":{"rendered":"<p>Gracias al engranaje entre el Gobierno nacional, regional, local y comunal, las respuestas hacia el pueblo son precisas y contundentes a trav\u00e9s del 1&#215;10 del Buen Gobierno, impulsado por el presidente Nicol\u00e1s Maduro. As\u00ed lo inform\u00f3 este lunes el gobernador del estado Bol\u00edvar, \u00c1ngel Marcano, en su programa radial, donde detall\u00f3 que luego de asumir [&hellip;]<\/p>\n","protected":false},"author":19,"featured_media":216048,"comment_status":"closed","ping_status":"closed","sticky":false,"template":"","format":"standard","meta":{"footnotes":""},"categories":[5,12],"tags":[],"class_list":{"0":"post-216047","1":"post","2":"type-post","3":"status-publish","4":"format-standard","5":"has-post-thumbnail","7":"category-destacado","8":"category-regionales"},"_links":{"self":[{"href":"https:\/\/elluchador.info\/index.php?rest_route=\/wp\/v2\/posts\/216047","targetHints":{"allow":["GET"]}}],"collection":[{"href":"https:\/\/elluchador.info\/index.php?rest_route=\/wp\/v2\/posts"}],"about":[{"href":"https:\/\/elluchador.info\/index.php?rest_route=\/wp\/v2\/types\/post"}],"author":[{"embeddable":true,"href":"https:\/\/elluchador.info\/index.php?rest_route=\/wp\/v2\/users\/19"}],"replies":[{"embeddable":true,"href":"https:\/\/elluchador.info\/index.php?rest_route=%2Fwp%2Fv2%2Fcomments&post=216047"}],"version-history":[{"count":1,"href":"https:\/\/elluchador.info\/index.php?rest_route=\/wp\/v2\/posts\/216047\/revisions"}],"predecessor-version":[{"id":216049,"href":"https:\/\/elluchador.info\/index.php?rest_route=\/wp\/v2\/posts\/216047\/revisions\/216049"}],"wp:featuredmedia":[{"embeddable":true,"href":"https:\/\/elluchador.info\/index.php?rest_route=\/wp\/v2\/media\/216048"}],"wp:attachment":[{"href":"https:\/\/elluchador.info\/index.php?rest_route=%2Fwp%2Fv2%2Fmedia&parent=216047"}],"wp:term":[{"taxonomy":"category","embeddable":true,"href":"https:\/\/elluchador.info\/index.php?rest_route=%2Fwp%2Fv2%2Fcategories&post=216047"},{"taxonomy":"post_tag","embeddable":true,"href":"https:\/\/elluchador.info\/index.php?rest_route=%2Fwp%2Fv2%2Ftags&post=216047"}],"curies":[{"name":"wp","href":"https:\/\/api.w.org\/{rel}","templated":true}]}}