{"id":216065,"date":"2022-06-28T11:41:57","date_gmt":"2022-06-28T15:41:57","guid":{"rendered":"https:\/\/elluchador.info\/web\/?p=216065"},"modified":"2022-06-28T11:41:57","modified_gmt":"2022-06-28T15:41:57","slug":"pronostican-lluvias-con-descargas-electricas-para-este-martes-en-varias-regiones-de-venezuela","status":"publish","type":"post","link":"https:\/\/elluchador.info\/?p=216065","title":{"rendered":"Pronostican lluvias con descargas el\u00e9ctricas para este martes en varias regiones de Venezuela"},"content":{"rendered":"<div class=\"kvgmc6g5 cxmmr5t8 oygrvhab hcukyx3x c1et5uql ii04i59q\">\n<div dir=\"auto\">Para este martes se prev\u00e9, cielo nublado con descargas el\u00e9ctricas en Zulia, Andes, Barinas, Apure, Gu\u00e1rico, Nueva Esparta, Delta Amacuro, Bol\u00edvar y El Esequibo.<\/div>\n<div dir=\"auto\"><\/div>\n<\/div>\n<div class=\"cxmmr5t8 oygrvhab hcukyx3x c1et5uql o9v6fnle ii04i59q\">\n<div dir=\"auto\">La informaci\u00f3n la dio a conocer el Instituto Nacional de Meteorolog\u00eda e Hidrolog\u00eda (Inameh), en su cuenta de Twitter @INAMEH, donde destac\u00f3 que en el resto del pa\u00eds se aprecia nubosidad fragmentada.<\/div>\n<div dir=\"auto\"><\/div>\n<\/div>\n<div class=\"cxmmr5t8 oygrvhab hcukyx3x c1et5uql o9v6fnle ii04i59q\">\n<div dir=\"auto\">En otro tuit, el instituto pronostica que el potencial Cicl\u00f3n Tropical DOS, se encuentra ubicado a 730 km al este-sureste del estado Sucre, con vientos m\u00e1ximos sostenidos de 65 km\/h.<\/div>\n<div dir=\"auto\"><\/div>\n<\/div>\n<div class=\"cxmmr5t8 oygrvhab hcukyx3x c1et5uql o9v6fnle ii04i59q\">\n<div dir=\"auto\">Este sistema representa riesgo hidrometeorol\u00f3gico para el pa\u00eds, por lo que se exhorta a estar pendientes a las alertas y avisos que se estar\u00e1n emitiendo.<\/div>\n<div dir=\"auto\"><\/div>\n<\/div>\n<div dir=\"auto\"><strong>WTC Radio<\/strong><\/div>\n","protected":false},"excerpt":{"rendered":"<p>Para este martes se prev\u00e9, cielo nublado con descargas el\u00e9ctricas en Zulia, Andes, Barinas, Apure, Gu\u00e1rico, Nueva Esparta, Delta Amacuro, Bol\u00edvar y El Esequibo. La informaci\u00f3n la dio a conocer el Instituto Nacional de Meteorolog\u00eda e Hidrolog\u00eda (Inameh), en su cuenta de Twitter @INAMEH, donde destac\u00f3 que en el resto del pa\u00eds se aprecia nubosidad [&hellip;]<\/p>\n","protected":false},"author":2,"featured_media":216066,"comment_status":"closed","ping_status":"closed","sticky":false,"template":"","format":"standard","meta":{"footnotes":""},"categories":[5,9],"tags":[],"class_list":{"0":"post-216065","1":"post","2":"type-post","3":"status-publish","4":"format-standard","5":"has-post-thumbnail","7":"category-destacado","8":"category-nacionales"},"_links":{"self":[{"href":"https:\/\/elluchador.info\/index.php?rest_route=\/wp\/v2\/posts\/216065","targetHints":{"allow":["GET"]}}],"collection":[{"href":"https:\/\/elluchador.info\/index.php?rest_route=\/wp\/v2\/posts"}],"about":[{"href":"https:\/\/elluchador.info\/index.php?rest_route=\/wp\/v2\/types\/post"}],"author":[{"embeddable":true,"href":"https:\/\/elluchador.info\/index.php?rest_route=\/wp\/v2\/users\/2"}],"replies":[{"embeddable":true,"href":"https:\/\/elluchador.info\/index.php?rest_route=%2Fwp%2Fv2%2Fcomments&post=216065"}],"version-history":[{"count":1,"href":"https:\/\/elluchador.info\/index.php?rest_route=\/wp\/v2\/posts\/216065\/revisions"}],"predecessor-version":[{"id":216067,"href":"https:\/\/elluchador.info\/index.php?rest_route=\/wp\/v2\/posts\/216065\/revisions\/216067"}],"wp:featuredmedia":[{"embeddable":true,"href":"https:\/\/elluchador.info\/index.php?rest_route=\/wp\/v2\/media\/216066"}],"wp:attachment":[{"href":"https:\/\/elluchador.info\/index.php?rest_route=%2Fwp%2Fv2%2Fmedia&parent=216065"}],"wp:term":[{"taxonomy":"category","embeddable":true,"href":"https:\/\/elluchador.info\/index.php?rest_route=%2Fwp%2Fv2%2Fcategories&post=216065"},{"taxonomy":"post_tag","embeddable":true,"href":"https:\/\/elluchador.info\/index.php?rest_route=%2Fwp%2Fv2%2Ftags&post=216065"}],"curies":[{"name":"wp","href":"https:\/\/api.w.org\/{rel}","templated":true}]}}