{"id":216381,"date":"2022-06-29T14:14:41","date_gmt":"2022-06-29T18:14:41","guid":{"rendered":"https:\/\/elluchador.info\/web\/?p=216381"},"modified":"2022-06-29T14:14:41","modified_gmt":"2022-06-29T18:14:41","slug":"orquesta-sinfonica-de-venezuela-celebrara-92-anos","status":"publish","type":"post","link":"https:\/\/elluchador.info\/?p=216381","title":{"rendered":"Orquesta Sinf\u00f3nica de Venezuela celebrar\u00e1 92 a\u00f1os"},"content":{"rendered":"<p>A\u00fan sabiendo que Venezuela es una cuna de talento orquestal sinf\u00f3nico, no dejan de impresionar las capacidades interpretativas que ofrecen en escena los m\u00fasicos que conforman nuestras orquestas.<\/p>\n<p>Esa impresi\u00f3n, orgullo y satisfacci\u00f3n se ver\u00e1 engrandecida ma\u00f1ana a las 6:00 de la tarde en la sala Sim\u00f3n Bol\u00edvar del Centro de Acci\u00f3n Social por la M\u00fasica, cuando Christian V\u00e1squez, miembro de El Sistema, dirija a la Orquesta Sinf\u00f3nica de Venezuela en el concierto denominado Cuando los grandes se juntan.<\/p>\n<p>El evento es la celebraci\u00f3n del aniversario 92 de la m\u00e1s longeva de las orquestas criollas y una de las m\u00e1s antiguas de Am\u00e9rica Latina, la OSV.<\/p>\n<p>Para ello, contar\u00e1n con la participaci\u00f3n especial del pianista criollo y recientemente galardonado con el Grammy Latino, Kristhyan Ben\u00edtez, con quien interpretar\u00e1n la Sinfon\u00eda N\u00ba 6 de Tchaikovsky y el Concierto para piano N\u00ba 2 de Prok\u00f3fiev.<\/p>\n<p>V\u00e1squez, quien dirigi\u00f3 a la OSV hace una d\u00e9cada, durante la celebraci\u00f3n de su aniversario 82, en la sala Jos\u00e9 F\u00e9lix Ribas del Teatro Teresa Carre\u00f1o, relat\u00f3 que llevarlos a la sala Sim\u00f3n Bol\u00edvar del Centro de Acci\u00f3n Social por la M\u00fasica es un homenaje.<\/p>\n<p>\u201cEs primera vez que ellos van a tocar all\u00ed y eso es lo m\u00e1s bonito de la m\u00fasica. Todos nos estamos uniendo\u201d, dijo luego del ensayo de esta gala aniversaria.<\/p>\n<p>\u201cEstoy muy contento de poder estar aqu\u00ed con quienes fueron mis maestros en El Sistema. Es un gran aprendizaje, un dar y ganar\u201d, agreg\u00f3.<\/p>\n<p>Para el pianista Kristhyan Ben\u00edtez, quien dedic\u00f3 su primer concierto al maestro Abreu, este es un encuentro familiar: \u201cTodos los que han pasado por ah\u00ed (El Sistema) son como hermanos m\u00edos porque crecimos juntos\u201d, expres\u00f3.<\/p>\n<p>El m\u00fasico, quien ha trabajado por dar a conocer la riqueza de nuestros ritmos aut\u00f3ctonos, agreg\u00f3 que para \u00e9l es un orgullo tocar junto a la primera orquesta fundada en Latinoam\u00e9rica y la segunda de Am\u00e9rica. \u201cSon datos que nos hacen sentir orgullos\u00edsimos y creo que nos tienen que dar muchas m\u00e1s fuerzas y energ\u00edas para seguir haciendo las cosas bien; seguir incentivando y apoyando a la cultura musical\u201d.<\/p>\n<p>Sobre el galard\u00f3n que le otorg\u00f3 la Academia de la M\u00fasica relat\u00f3 que, no solo \u201cno lo esperaba porque generalmente premian otros g\u00e9neros\u201d, sino que le impresion\u00f3 saber que, en lo que a m\u00fasica cl\u00e1sica se refiere, el premio tiene un valor muy importante.<\/p>\n<p>\u201cNo depende solamente de la cantidad de reproducciones o si tienes fama a nivel mundial sino de la calidad de lo que se est\u00e1 grabando. \u00c9ste es un disco de m\u00fasica latinoamericana y en su mayor\u00eda m\u00fasica venezolana. Que reconozcan nuestra m\u00fasica es inmenso\u201d, a\u00f1adi\u00f3.<br \/>\nLas entradas para Cuando los grandes se juntan est\u00e1n a la venta a trav\u00e9s de la plataforma Golive.<\/p>\n<p><strong>UN<\/strong><\/p>\n","protected":false},"excerpt":{"rendered":"<p>A\u00fan sabiendo que Venezuela es una cuna de talento orquestal sinf\u00f3nico, no dejan de impresionar las capacidades interpretativas que ofrecen en escena los m\u00fasicos que conforman nuestras orquestas. Esa impresi\u00f3n, orgullo y satisfacci\u00f3n se ver\u00e1 engrandecida ma\u00f1ana a las 6:00 de la tarde en la sala Sim\u00f3n Bol\u00edvar del Centro de Acci\u00f3n Social por la [&hellip;]<\/p>\n","protected":false},"author":33,"featured_media":216382,"comment_status":"closed","ping_status":"closed","sticky":false,"template":"","format":"standard","meta":{"footnotes":""},"categories":[9],"tags":[],"class_list":{"0":"post-216381","1":"post","2":"type-post","3":"status-publish","4":"format-standard","5":"has-post-thumbnail","7":"category-nacionales"},"_links":{"self":[{"href":"https:\/\/elluchador.info\/index.php?rest_route=\/wp\/v2\/posts\/216381","targetHints":{"allow":["GET"]}}],"collection":[{"href":"https:\/\/elluchador.info\/index.php?rest_route=\/wp\/v2\/posts"}],"about":[{"href":"https:\/\/elluchador.info\/index.php?rest_route=\/wp\/v2\/types\/post"}],"author":[{"embeddable":true,"href":"https:\/\/elluchador.info\/index.php?rest_route=\/wp\/v2\/users\/33"}],"replies":[{"embeddable":true,"href":"https:\/\/elluchador.info\/index.php?rest_route=%2Fwp%2Fv2%2Fcomments&post=216381"}],"version-history":[{"count":1,"href":"https:\/\/elluchador.info\/index.php?rest_route=\/wp\/v2\/posts\/216381\/revisions"}],"predecessor-version":[{"id":216383,"href":"https:\/\/elluchador.info\/index.php?rest_route=\/wp\/v2\/posts\/216381\/revisions\/216383"}],"wp:featuredmedia":[{"embeddable":true,"href":"https:\/\/elluchador.info\/index.php?rest_route=\/wp\/v2\/media\/216382"}],"wp:attachment":[{"href":"https:\/\/elluchador.info\/index.php?rest_route=%2Fwp%2Fv2%2Fmedia&parent=216381"}],"wp:term":[{"taxonomy":"category","embeddable":true,"href":"https:\/\/elluchador.info\/index.php?rest_route=%2Fwp%2Fv2%2Fcategories&post=216381"},{"taxonomy":"post_tag","embeddable":true,"href":"https:\/\/elluchador.info\/index.php?rest_route=%2Fwp%2Fv2%2Ftags&post=216381"}],"curies":[{"name":"wp","href":"https:\/\/api.w.org\/{rel}","templated":true}]}}